{"id":1002,"date":"2016-11-06T08:25:09","date_gmt":"2016-11-06T07:25:09","guid":{"rendered":"http:\/\/blogs.laverdad.es\/primeraplana\/?p=1002"},"modified":"2016-11-06T08:25:09","modified_gmt":"2016-11-06T07:25:09","slug":"lampedusiano","status":"publish","type":"post","link":"https:\/\/blogs.laverdad.es\/primeraplana\/2016\/11\/06\/lampedusiano\/","title":{"rendered":"Lampedusiano"},"content":{"rendered":"<p>Si queremos que todo siga como est\u00e1, es necesario que todo cambie. La frase pronunciada por un personaje de la novela \u2018El Gatopardo\u2019, de Giuseppe Tomasi di Lampedusa, dio origen a un t\u00e9rmino muy usado en pol\u00edtica, casi siempre con connotaciones negativas, para describir los cambios ideados para que nada cambie. La apuesta continuista de Rajoy plasmada en su nuevo gabinete tiene aromas lampedusianos porque, aunque incorpora varias caras que dan un cierto aire de renovaci\u00f3n y reordena competencias, preserva su esencia con el mantenimiento del n\u00facleo duro (S\u00e1enz de Santamar\u00eda, Luis de Guindos y Crist\u00f3bal Montoro). Rajoy no ha cambiado todo sino que ha hecho las modificaciones m\u00ednimas para intentar que nada cambie en lo sustancial: su programa econ\u00f3mico y el control del juego pol\u00edtico y sus tiempos, como en su etapa de mayor\u00eda absoluta, en un escenario radicalmente distinto. En la in\u00e9dita situaci\u00f3n de inferioridad aritm\u00e9tica en el Parlamento, y ante la avalancha de posibles reformas en el hemiciclo, no es casual que S\u00e1enz de Santamar\u00eda haya dejado la portavoc\u00eda del Consejo de Ministros. Ahora el centro de gravedad se desplaza al Congreso de los Diputados, donde la vicepresidenta tendr\u00e1 especial protagonismo como responsable m\u00e1xima de las espinosas cuestiones territoriales, desde el \u00f3rdago catal\u00e1n al modelo de financiaci\u00f3n y la posible reforma constitucional. Sobre ella recae toda la coordinaci\u00f3n entre el Ejecutivo y el grupo parlamentario para engrasar las obligadas tareas de negociaci\u00f3n a las que se enfrenta Rajoy.<\/p>\n<p>A\u00fan es pronto para saber si a los intereses regionales les ir\u00e1 mejor con este Gobierno, pero de partida hay un inicio alentador: por lo menos no habr\u00e1 que explicarle de cero a la ministra de Agricultura la gravedad del problema del agua y sus consecuencias econ\u00f3micas y sociales para la Regi\u00f3n. Y, en principio, parece que el ministro de Fomento, \u00cd\u00f1igo de la Serna, muy cercano a muchos pol\u00edticos murcianos, deber\u00eda tener una especial sensibilidad para con nuestra maldici\u00f3n ferroviaria como exalcalde de una capital de una perif\u00e9rica regi\u00f3n uniprovincial.<\/p>\n<p>Otra cosa distinta es caer en la ilusi\u00f3n de que la soluci\u00f3n para nuestros particulares lastres puede llegar de un d\u00eda para otro. Con un ajuste pendiente del gasto p\u00fablico de 5.000 millones, ni los m\u00e1s optimistas sue\u00f1an con un impulso inversor. Y respecto al agua, no cabe enga\u00f1arse. La posibilidad de un consenso nacional es mucho m\u00e1s complicada con la fragmentaci\u00f3n del arco parlamentario, m\u00e1s a\u00fan si el presidente de Gobierno contin\u00faa orillando los desaf\u00edos que suscitan conflictos territoriales. A Rajoy le fue muy bien con su mantra de que quien resiste gana. Pero no as\u00ed a quienes son v\u00edctimas de la inacci\u00f3n pol\u00edtica y la falta de acuerdos de Estado, como nuestros regantes. Por otro lado, conviene asumir que la figura de los ministros est\u00e1 sobrevalorada. Cierto es que si uno sale malo puede generar desastres. Ah\u00ed est\u00e1 Wert como prueba viviente. Pero ni los m\u00e1s eficaces y certeros tienen muchas veces un papel determinante. Ana Pastor (que cada cual la sit\u00fae en el pelot\u00f3n de ministros aceptables o ineficaces) se enfrent\u00f3 en Fomento a la grav\u00edsima carcoma enquistada en el sector de la obra p\u00fablica (el ventajismo de las grandes constructoras con los modificados de proyecto y los sobrecostes), pero la ha dejado sin resolver. Y, adem\u00e1s. \u00bfqu\u00e9 m\u00e1s da qui\u00e9n sea el ministro de Fomento si en el interno de Adif al final deciden los mismos de siempre, con sus ritmos, criterios y prioridades? Dicho eso, permanecer 315 d\u00edas, m\u00e1s los cinco de propina de Rajoy, con ministros interinos fue una insensatez que caus\u00f3 estupor en toda Europa. Son innumerables los asuntos de inter\u00e9s regional paralizados estos meses en los ministerios y sometidos a revisi\u00f3n por legiones de abogados del Estado para intentar darles cauce. Por tanto, lo mejor del nuevo Gobierno, sea lampedusiano o no, es que no est\u00e1 en funciones y tendr\u00e1 ya que gestionar y rendir cuentas. Entre los aciertos de Pedro Antonio S\u00e1nchez est\u00e1 el haber entendido que el progreso regional hay que pelearlo en Madrid, empujando y estableciendo alianzas en el mundo pol\u00edtico y en el econ\u00f3mico. Eso compens\u00f3 en buena parte algunos desaciertos en la alineaci\u00f3n de su Ejecutivo, donde ya empieza a oler a quemado en varias consejer\u00edas. Si el presidente y todos los diputados murcianos apuntan, sobre la base de pactos regionales, en la misma direcci\u00f3n, entonces probablemente s\u00ed nos ir\u00e1 mejor. <\/p>\n","protected":false},"excerpt":{"rendered":"<p>Si queremos que todo siga como est\u00e1, es necesario que todo cambie. La frase pronunciada por un personaje de la novela \u2018El Gatopardo\u2019, de Giuseppe Tomasi di Lampedusa, dio origen a un t\u00e9rmino muy usado en pol\u00edtica, casi siempre con connotaciones negativas, para describir los cambios ideados para que nada cambie. La apuesta continuista de [&hellip;]<\/p>\n","protected":false},"author":11,"featured_media":0,"comment_status":"closed","ping_status":"open","sticky":false,"template":"","format":"standard","meta":[],"categories":[3],"tags":[],"_links":{"self":[{"href":"https:\/\/blogs.laverdad.es\/primeraplana\/wp-json\/wp\/v2\/posts\/1002"}],"collection":[{"href":"https:\/\/blogs.laverdad.es\/primeraplana\/wp-json\/wp\/v2\/posts"}],"about":[{"href":"https:\/\/blogs.laverdad.es\/primeraplana\/wp-json\/wp\/v2\/types\/post"}],"author":[{"embeddable":true,"href":"https:\/\/blogs.laverdad.es\/primeraplana\/wp-json\/wp\/v2\/users\/11"}],"replies":[{"embeddable":true,"href":"https:\/\/blogs.laverdad.es\/primeraplana\/wp-json\/wp\/v2\/comments?post=1002"}],"version-history":[{"count":0,"href":"https:\/\/blogs.laverdad.es\/primeraplana\/wp-json\/wp\/v2\/posts\/1002\/revisions"}],"wp:attachment":[{"href":"https:\/\/blogs.laverdad.es\/primeraplana\/wp-json\/wp\/v2\/media?parent=1002"}],"wp:term":[{"taxonomy":"category","embeddable":true,"href":"https:\/\/blogs.laverdad.es\/primeraplana\/wp-json\/wp\/v2\/categories?post=1002"},{"taxonomy":"post_tag","embeddable":true,"href":"https:\/\/blogs.laverdad.es\/primeraplana\/wp-json\/wp\/v2\/tags?post=1002"}],"curies":[{"name":"wp","href":"https:\/\/api.w.org\/{rel}","templated":true}]}}