{"id":1003,"date":"2016-11-09T14:34:53","date_gmt":"2016-11-09T13:34:53","guid":{"rendered":"http:\/\/blogs.laverdad.es\/primeraplana\/?p=1003"},"modified":"2016-11-09T14:34:53","modified_gmt":"2016-11-09T13:34:53","slug":"la-cobra","status":"publish","type":"post","link":"https:\/\/blogs.laverdad.es\/primeraplana\/2016\/11\/09\/la-cobra\/","title":{"rendered":"La cobra"},"content":{"rendered":"<p>La UCAM y la Consejer\u00eda sellaron por fin el convenio de las pr\u00e1cticas de Medicina en aparente armon\u00eda, aunque sin presencia de los medios, por petici\u00f3n de la primera. Escondidos, como la canci\u00f3n de Bisbal y Chenoa, y con cobra incluida, dado que la universidad privada comunic\u00f3 minutos despu\u00e9s de firmar que no renuncia al contencioso administrativo contra el convenio de Sanidad con la UMU. La parte positiva del acuerdo es que los alumnos de las dos universidades tienen garantizado el ejercicio de las pr\u00e1cticas en un nuevo marco que se adapta al real decreto nacional. La impresi\u00f3n, sin embargo, es que la v\u00eda abierta a la UCAM a todos los hospitales p\u00fablicos mediante convenios espec\u00edficos, recogida por el decreto, dar\u00e1 paso a futuras negociaciones a tres bandas que no estar\u00e1n exentas de tensi\u00f3n. \u00bfAtrapados sin poder salir?<\/p>\n","protected":false},"excerpt":{"rendered":"<p>La UCAM y la Consejer\u00eda sellaron por fin el convenio de las pr\u00e1cticas de Medicina en aparente armon\u00eda, aunque sin presencia de los medios, por petici\u00f3n de la primera. Escondidos, como la canci\u00f3n de Bisbal y Chenoa, y con cobra incluida, dado que la universidad privada comunic\u00f3 minutos despu\u00e9s de firmar que no renuncia al [&hellip;]<\/p>\n","protected":false},"author":11,"featured_media":0,"comment_status":"closed","ping_status":"open","sticky":false,"template":"","format":"standard","meta":[],"categories":[36],"tags":[],"_links":{"self":[{"href":"https:\/\/blogs.laverdad.es\/primeraplana\/wp-json\/wp\/v2\/posts\/1003"}],"collection":[{"href":"https:\/\/blogs.laverdad.es\/primeraplana\/wp-json\/wp\/v2\/posts"}],"about":[{"href":"https:\/\/blogs.laverdad.es\/primeraplana\/wp-json\/wp\/v2\/types\/post"}],"author":[{"embeddable":true,"href":"https:\/\/blogs.laverdad.es\/primeraplana\/wp-json\/wp\/v2\/users\/11"}],"replies":[{"embeddable":true,"href":"https:\/\/blogs.laverdad.es\/primeraplana\/wp-json\/wp\/v2\/comments?post=1003"}],"version-history":[{"count":0,"href":"https:\/\/blogs.laverdad.es\/primeraplana\/wp-json\/wp\/v2\/posts\/1003\/revisions"}],"wp:attachment":[{"href":"https:\/\/blogs.laverdad.es\/primeraplana\/wp-json\/wp\/v2\/media?parent=1003"}],"wp:term":[{"taxonomy":"category","embeddable":true,"href":"https:\/\/blogs.laverdad.es\/primeraplana\/wp-json\/wp\/v2\/categories?post=1003"},{"taxonomy":"post_tag","embeddable":true,"href":"https:\/\/blogs.laverdad.es\/primeraplana\/wp-json\/wp\/v2\/tags?post=1003"}],"curies":[{"name":"wp","href":"https:\/\/api.w.org\/{rel}","templated":true}]}}