{"id":1009,"date":"2016-11-20T07:47:12","date_gmt":"2016-11-20T06:47:12","guid":{"rendered":"http:\/\/blogs.laverdad.es\/primeraplana\/?p=1009"},"modified":"2016-11-20T07:47:12","modified_gmt":"2016-11-20T06:47:12","slug":"la-batalla-de-madrid","status":"publish","type":"post","link":"https:\/\/blogs.laverdad.es\/primeraplana\/2016\/11\/20\/la-batalla-de-madrid\/","title":{"rendered":"La batalla de Madrid"},"content":{"rendered":"<p>Con su singular iron\u00eda, el escritor y periodista pontevedr\u00e9s Julio Camba dec\u00eda all\u00e1 por 1920 que el \u00abhijo de un gran pol\u00edtico gallego tiene desde su nacimiento categor\u00eda de ministro; el sobrino tiene categor\u00eda de subsecretario o de director general, y as\u00ed sucesivamente\u00bb. Galicia, escrib\u00eda Camba, es tierra de sardinas y pol\u00edticos: \u00abLas sardinas nacen unas de otras, y los pol\u00edticos tambi\u00e9n\u00bb. Casi un siglo despu\u00e9s, las cosas son bien diferentes. Incluso en la patria chica de Rajoy. En la Regi\u00f3n de Murcia, los hijos de los grandes pol\u00edticos, de haber o haberlos habido, nunca han nacido con una potencial cartera ministerial bajo el brazo. A diferencia de la vocaci\u00f3n empresarial, que aqu\u00ed se hereda, la pol\u00edtica solo excepcionalmente se trasmite a los v\u00e1stagos. Gestionar el patrimonio propio siempre ha interesado m\u00e1s que gestionar el de todos. Si a la falta de ADN pol\u00edtico por v\u00eda germinal se suma un liviano peso en Madrid, propio de una regi\u00f3n uniprovincial, no es de extra\u00f1ar la corta lista de ministros murcianos en la historia de Espa\u00f1a. Puede que el oficio de ministro est\u00e9 sobrevalorado desde que ya no reporta, como suger\u00eda Camba con su particular humor, un puerto y varias carreteras para el territorio de origen. Pero en nuestro pa\u00eds a\u00fan conviene mucho tener aliados en los distintos escalones del Ejecutivo que sean sensibles a los problemas y reivindicaciones regionales. Sobre todo porque nuestra dependencia de la Administraci\u00f3n central, tan propensa a los atascos burocr\u00e1ticos, es a\u00fan abrumadora en m\u00faltiples asuntos. El nuevo Ejecutivo de Rajoy est\u00e1 a\u00fan por completar, pero, de momento, hay p\u00e9rdida de peso espec\u00edfico con las salidas de Isabel Borrego (aunque entr\u00f3 en su d\u00eda como cuota balear) y, sobre todo, de Jaime Garc\u00eda-Legaz. Los exportadores del sector agroalimentario echar\u00e1n de menos a quien, despu\u00e9s de dar no s\u00e9 cu\u00e1ntas vueltas al mundo en los \u00faltimos a\u00f1os, quiere ver crecer a su hija de seis a\u00f1os y deja voluntariamente la Secretar\u00eda de Estado de Comercio para incorporarse a la Compa\u00f1\u00eda Espa\u00f1ola de Seguros de Cr\u00e9dito a la Exportaci\u00f3n (Cesce). Poco dado al lucimiento personal, ha resuelto no pocos problemas a los exportadores murcianos. Antes de irse, ha dejado franqueada la puerta del mercado chino a la fruta de hueso de la Vega Media a trav\u00e9s del \u2018tren de la seda\u2019. Y, probablemente, seguir\u00e1 desde la Cesce siendo un aliado de los intereses murcianos. La buena noticia de la semana es la vuelta de Juan Mar\u00eda V\u00e1zquez a la Secretar\u00eda General de Ciencia y Competitividad, un puesto de gesti\u00f3n clave porque orquesta todo el sistema nacional de I+D+i. Su aportaci\u00f3n puede ser decisiva para la captaci\u00f3n de fondos y la puesta en marcha de la Agencia Regional del Conocimiento que impulsa Pedro Antonio S\u00e1nchez.<br \/>\nEl presidente ha entendido bien la importancia de hacer pol\u00edtica tanto en el Congreso como en la sede nacional de su partido y el Ejecutivo central. Se le podr\u00e1n achacar no pocos errores y carencias en su equipo, pero no cabe escatimarle el reconocimiento a su entrega y capacidad de trabajo, gran parte volcado en Madrid. La reuni\u00f3n con cinco ministros en siete d\u00edas, a partir de ma\u00f1ana, es una muestra de ese empuje. Ahora bien, es el momento de los resultados. Con la foto y vagas promesas no basta. Y lo sabe. Proyectos como el AVE a Murcia y Cartagena, en los t\u00e9rminos pactados con la oposici\u00f3n, no pueden esperar m\u00e1s. La Regi\u00f3n acabar\u00e1 el a\u00f1o con un crecimiento econ\u00f3mico superior al 3% que podr\u00eda haber reportado muchos m\u00e1s beneficios a la sociedad murciana con esas infraestructuras en funcionamiento. Hay que pelear el agua, el Corredor Mediterr\u00e1neo y cambios legislativos que impulsen la fotovoltaica. Desde ya.<\/p>\n","protected":false},"excerpt":{"rendered":"<p>Con su singular iron\u00eda, el escritor y periodista pontevedr\u00e9s Julio Camba dec\u00eda all\u00e1 por 1920 que el \u00abhijo de un gran pol\u00edtico gallego tiene desde su nacimiento categor\u00eda de ministro; el sobrino tiene categor\u00eda de subsecretario o de director general, y as\u00ed sucesivamente\u00bb. Galicia, escrib\u00eda Camba, es tierra de sardinas y pol\u00edticos: \u00abLas sardinas nacen [&hellip;]<\/p>\n","protected":false},"author":11,"featured_media":0,"comment_status":"closed","ping_status":"open","sticky":false,"template":"","format":"standard","meta":[],"categories":[3],"tags":[],"_links":{"self":[{"href":"https:\/\/blogs.laverdad.es\/primeraplana\/wp-json\/wp\/v2\/posts\/1009"}],"collection":[{"href":"https:\/\/blogs.laverdad.es\/primeraplana\/wp-json\/wp\/v2\/posts"}],"about":[{"href":"https:\/\/blogs.laverdad.es\/primeraplana\/wp-json\/wp\/v2\/types\/post"}],"author":[{"embeddable":true,"href":"https:\/\/blogs.laverdad.es\/primeraplana\/wp-json\/wp\/v2\/users\/11"}],"replies":[{"embeddable":true,"href":"https:\/\/blogs.laverdad.es\/primeraplana\/wp-json\/wp\/v2\/comments?post=1009"}],"version-history":[{"count":0,"href":"https:\/\/blogs.laverdad.es\/primeraplana\/wp-json\/wp\/v2\/posts\/1009\/revisions"}],"wp:attachment":[{"href":"https:\/\/blogs.laverdad.es\/primeraplana\/wp-json\/wp\/v2\/media?parent=1009"}],"wp:term":[{"taxonomy":"category","embeddable":true,"href":"https:\/\/blogs.laverdad.es\/primeraplana\/wp-json\/wp\/v2\/categories?post=1009"},{"taxonomy":"post_tag","embeddable":true,"href":"https:\/\/blogs.laverdad.es\/primeraplana\/wp-json\/wp\/v2\/tags?post=1009"}],"curies":[{"name":"wp","href":"https:\/\/api.w.org\/{rel}","templated":true}]}}