{"id":1010,"date":"2016-11-20T07:48:33","date_gmt":"2016-11-20T06:48:33","guid":{"rendered":"http:\/\/blogs.laverdad.es\/primeraplana\/?p=1010"},"modified":"2016-11-20T07:48:33","modified_gmt":"2016-11-20T06:48:33","slug":"pacto-energetico","status":"publish","type":"post","link":"https:\/\/blogs.laverdad.es\/primeraplana\/2016\/11\/20\/pacto-energetico\/","title":{"rendered":"Pacto energ\u00e9tico"},"content":{"rendered":"<p>El acto celebrado ayer por la Asociaci\u00f3n Nacional de Productores Fotovoltaicos (Anpier), castigados en los \u00faltimos a\u00f1os por el impuesto al autoconsumo el\u00e9ctrico y la inseguridad jur\u00eddica que produjeron los sucesivos recortes retroactivos a las primas, fue una demostraci\u00f3n palpable de la urgente necesidad de transitar, con la mayor celeridad y consenso, hacia un nuevo modelo energ\u00e9tico que priorice el uso de energ\u00edas renovables, limpias y cada vez m\u00e1s baratas. Un modelo que acelere el ritmo de reducci\u00f3n de combustibles f\u00f3siles, no ponga trabas al autoconsumo, sea equitativo en el reparto de costes, garantice el suministro y reduzca nuestra dependencia de terceros pa\u00edses y que, siendo financieramente sostenible, impida dejar al margen de la cobertura energ\u00e9tica a las personas m\u00e1s vulnerables. Con el argumento tan discutible de la reducci\u00f3n del d\u00e9ficit de tarifa, los \u00faltimos gobiernos nacionales han propinado gigantescos varapalos a los inversores y productores fotovoltaicos, muchos de ellos en la Regi\u00f3n de Murcia, que tan falta est\u00e1 de agua como sobrada de horas de sol. Con matices, pero aparentemente unidos en lo esencial, los partidos murcianos y todos los agentes sociales y econ\u00f3micos est\u00e1n comprometidos con el impulso de las energ\u00edas renovables, fundamentalmente la solar, por las oportunidades econ\u00f3micas y laborales en una regi\u00f3n con todas las condiciones propicias para liderar ese tr\u00e1nsito hacia un nuevo modelo energ\u00e9tico. No solo disponemos de energ\u00eda solar en abundancia. Tambi\u00e9n contamos con el conocimiento tecnol\u00f3gico y el esp\u00edritu emprendedor suficiente para catapultar el sector fotovoltaico como se hizo con la depuraci\u00f3n de aguas y el sector agroalimentario. La eliminaci\u00f3n por el Gobierno regional del peaje al autoconsumo el\u00e9ctrico, anunciada ayer, es una buena noticia para miles de particulares y empresas, aunque sorprende que se haga sin esperar a que el Constitucional, que ha rechazado las medidas cautelares solicitadas por el Ministerio, se pronuncie sobre el fondo del recurso del Gobierno central. Tan importante como eliminar el \u2018impuesto al sol\u2019 es acabar con la inseguridad jur\u00eddica.<\/p>\n","protected":false},"excerpt":{"rendered":"<p>El acto celebrado ayer por la Asociaci\u00f3n Nacional de Productores Fotovoltaicos (Anpier), castigados en los \u00faltimos a\u00f1os por el impuesto al autoconsumo el\u00e9ctrico y la inseguridad jur\u00eddica que produjeron los sucesivos recortes retroactivos a las primas, fue una demostraci\u00f3n palpable de la urgente necesidad de transitar, con la mayor celeridad y consenso, hacia un nuevo [&hellip;]<\/p>\n","protected":false},"author":11,"featured_media":0,"comment_status":"closed","ping_status":"open","sticky":false,"template":"","format":"standard","meta":[],"categories":[3],"tags":[],"_links":{"self":[{"href":"https:\/\/blogs.laverdad.es\/primeraplana\/wp-json\/wp\/v2\/posts\/1010"}],"collection":[{"href":"https:\/\/blogs.laverdad.es\/primeraplana\/wp-json\/wp\/v2\/posts"}],"about":[{"href":"https:\/\/blogs.laverdad.es\/primeraplana\/wp-json\/wp\/v2\/types\/post"}],"author":[{"embeddable":true,"href":"https:\/\/blogs.laverdad.es\/primeraplana\/wp-json\/wp\/v2\/users\/11"}],"replies":[{"embeddable":true,"href":"https:\/\/blogs.laverdad.es\/primeraplana\/wp-json\/wp\/v2\/comments?post=1010"}],"version-history":[{"count":0,"href":"https:\/\/blogs.laverdad.es\/primeraplana\/wp-json\/wp\/v2\/posts\/1010\/revisions"}],"wp:attachment":[{"href":"https:\/\/blogs.laverdad.es\/primeraplana\/wp-json\/wp\/v2\/media?parent=1010"}],"wp:term":[{"taxonomy":"category","embeddable":true,"href":"https:\/\/blogs.laverdad.es\/primeraplana\/wp-json\/wp\/v2\/categories?post=1010"},{"taxonomy":"post_tag","embeddable":true,"href":"https:\/\/blogs.laverdad.es\/primeraplana\/wp-json\/wp\/v2\/tags?post=1010"}],"curies":[{"name":"wp","href":"https:\/\/api.w.org\/{rel}","templated":true}]}}