{"id":1016,"date":"2016-11-30T07:50:49","date_gmt":"2016-11-30T06:50:49","guid":{"rendered":"http:\/\/blogs.laverdad.es\/primeraplana\/?p=1016"},"modified":"2016-11-30T07:50:49","modified_gmt":"2016-11-30T06:50:49","slug":"calvo-sotelo","status":"publish","type":"post","link":"https:\/\/blogs.laverdad.es\/primeraplana\/2016\/11\/30\/calvo-sotelo\/","title":{"rendered":"Calvo Sotelo"},"content":{"rendered":"<p>La dictadura franquista se apropi\u00f3 de la figura del diputado mon\u00e1rquico Jos\u00e9 Calvo Sotelo como hizo con las del Cid y Carlos V, a quienes, en el futuro, puede ocurrir que en Torre Pacheco o en cualquier otro municipio, algunos pol\u00edticos les retiren una placa o estatua por una mezcla de ignorancia hist\u00f3rica y jur\u00eddica. Las leyes, todas, hay que cumplirlas o cambiarlas democr\u00e1ticamente. Tambi\u00e9n la de Memoria Hist\u00f3rica, de acuerdo a su esp\u00edritu y a su letra. Asesinado d\u00edas antes del 18 de julio de 1936, Calvo Sotelo fue utilizado por Franco como s\u00edmbolo del llamado alzamiento cuando hoy la mayor\u00eda de los historiadores documentan que el golpe contra la Rep\u00fablica llevaba tiempo en preparaci\u00f3n. Pero parece que da igual que no fuera v\u00edctima directa de la Guerra Civil ni que apoyara la dictadura franquista. M\u00e1s que nada porque ya estaba muerto, a su pesar. Ayer lo volvieron a enterrar PSOE, PP y Ciudadanos en Torre Pacheco.<\/p>\n","protected":false},"excerpt":{"rendered":"<p>La dictadura franquista se apropi\u00f3 de la figura del diputado mon\u00e1rquico Jos\u00e9 Calvo Sotelo como hizo con las del Cid y Carlos V, a quienes, en el futuro, puede ocurrir que en Torre Pacheco o en cualquier otro municipio, algunos pol\u00edticos les retiren una placa o estatua por una mezcla de ignorancia hist\u00f3rica y jur\u00eddica. [&hellip;]<\/p>\n","protected":false},"author":11,"featured_media":0,"comment_status":"closed","ping_status":"open","sticky":false,"template":"","format":"standard","meta":[],"categories":[36],"tags":[],"_links":{"self":[{"href":"https:\/\/blogs.laverdad.es\/primeraplana\/wp-json\/wp\/v2\/posts\/1016"}],"collection":[{"href":"https:\/\/blogs.laverdad.es\/primeraplana\/wp-json\/wp\/v2\/posts"}],"about":[{"href":"https:\/\/blogs.laverdad.es\/primeraplana\/wp-json\/wp\/v2\/types\/post"}],"author":[{"embeddable":true,"href":"https:\/\/blogs.laverdad.es\/primeraplana\/wp-json\/wp\/v2\/users\/11"}],"replies":[{"embeddable":true,"href":"https:\/\/blogs.laverdad.es\/primeraplana\/wp-json\/wp\/v2\/comments?post=1016"}],"version-history":[{"count":0,"href":"https:\/\/blogs.laverdad.es\/primeraplana\/wp-json\/wp\/v2\/posts\/1016\/revisions"}],"wp:attachment":[{"href":"https:\/\/blogs.laverdad.es\/primeraplana\/wp-json\/wp\/v2\/media?parent=1016"}],"wp:term":[{"taxonomy":"category","embeddable":true,"href":"https:\/\/blogs.laverdad.es\/primeraplana\/wp-json\/wp\/v2\/categories?post=1016"},{"taxonomy":"post_tag","embeddable":true,"href":"https:\/\/blogs.laverdad.es\/primeraplana\/wp-json\/wp\/v2\/tags?post=1016"}],"curies":[{"name":"wp","href":"https:\/\/api.w.org\/{rel}","templated":true}]}}