{"id":1019,"date":"2016-12-05T10:48:51","date_gmt":"2016-12-05T09:48:51","guid":{"rendered":"http:\/\/blogs.laverdad.es\/primeraplana\/?p=1019"},"modified":"2016-12-05T10:48:51","modified_gmt":"2016-12-05T09:48:51","slug":"politizacion-de-la-justicia","status":"publish","type":"post","link":"https:\/\/blogs.laverdad.es\/primeraplana\/2016\/12\/05\/politizacion-de-la-justicia\/","title":{"rendered":"Politizaci\u00f3n de la justicia"},"content":{"rendered":"<p>Tras los acuerdos sobre el d\u00e9ficit y el salario m\u00ednimo, los populares han propuesto a los socialistas en Madrid un pacto por la justicia, que incluye la reforma de la Ley de Enjuiciamiento Criminal para que los fiscales asuman la instrucci\u00f3n de los causas penales. Pero tambi\u00e9n para limitar la acusaci\u00f3n popular en estos procesos, un asunto controvertido tras las supuestas extorsiones de Manos Limpias o por las sospechas de su utilizaci\u00f3n en no pocos sumarios de calado pol\u00edtico como una defensa encubierta. Lo m\u00e1s sustancial es que PP y C\u2019S,  y puede que PSOE, parezcan de acuerdo en poner freno a la acusaci\u00f3n popular de los partidos y sindicatos para romper con la imagen de la politizaci\u00f3n de la justicia. Como recordatorio conviene apuntar que Podemos y PSOE ejercen la acusaci\u00f3n popular en el \u2018caso Auditorio\u2019 contra Pedro Antonio S\u00e1nchez, mientras el PP la ejerce en el \u2018caso de los Ere\u2019 contra Manuel Ch\u00e1ves y Jos\u00e9 Antonio Gri\u00f1\u00e1n. La reforma solo acertar\u00e1 si existe un amplio consenso pol\u00edtico, se multiplica la plantilla de fiscales y se les garantiza su independencia.<\/p>\n","protected":false},"excerpt":{"rendered":"<p>Tras los acuerdos sobre el d\u00e9ficit y el salario m\u00ednimo, los populares han propuesto a los socialistas en Madrid un pacto por la justicia, que incluye la reforma de la Ley de Enjuiciamiento Criminal para que los fiscales asuman la instrucci\u00f3n de los causas penales. Pero tambi\u00e9n para limitar la acusaci\u00f3n popular en estos procesos, [&hellip;]<\/p>\n","protected":false},"author":11,"featured_media":0,"comment_status":"closed","ping_status":"open","sticky":false,"template":"","format":"standard","meta":[],"categories":[36],"tags":[],"_links":{"self":[{"href":"https:\/\/blogs.laverdad.es\/primeraplana\/wp-json\/wp\/v2\/posts\/1019"}],"collection":[{"href":"https:\/\/blogs.laverdad.es\/primeraplana\/wp-json\/wp\/v2\/posts"}],"about":[{"href":"https:\/\/blogs.laverdad.es\/primeraplana\/wp-json\/wp\/v2\/types\/post"}],"author":[{"embeddable":true,"href":"https:\/\/blogs.laverdad.es\/primeraplana\/wp-json\/wp\/v2\/users\/11"}],"replies":[{"embeddable":true,"href":"https:\/\/blogs.laverdad.es\/primeraplana\/wp-json\/wp\/v2\/comments?post=1019"}],"version-history":[{"count":0,"href":"https:\/\/blogs.laverdad.es\/primeraplana\/wp-json\/wp\/v2\/posts\/1019\/revisions"}],"wp:attachment":[{"href":"https:\/\/blogs.laverdad.es\/primeraplana\/wp-json\/wp\/v2\/media?parent=1019"}],"wp:term":[{"taxonomy":"category","embeddable":true,"href":"https:\/\/blogs.laverdad.es\/primeraplana\/wp-json\/wp\/v2\/categories?post=1019"},{"taxonomy":"post_tag","embeddable":true,"href":"https:\/\/blogs.laverdad.es\/primeraplana\/wp-json\/wp\/v2\/tags?post=1019"}],"curies":[{"name":"wp","href":"https:\/\/api.w.org\/{rel}","templated":true}]}}