{"id":1021,"date":"2016-12-18T07:50:46","date_gmt":"2016-12-18T06:50:46","guid":{"rendered":"http:\/\/blogs.laverdad.es\/primeraplana\/?p=1021"},"modified":"2016-12-18T07:50:46","modified_gmt":"2016-12-18T06:50:46","slug":"andres","status":"publish","type":"post","link":"https:\/\/blogs.laverdad.es\/primeraplana\/2016\/12\/18\/andres\/","title":{"rendered":"Andr\u00e9s"},"content":{"rendered":"<p><strong>No hubo que rascar mucho tras la brutal agresi\u00f3n de un portero a un joven en Murcia para comprobar el descontrol regulatorio sobre estos profesionales, por la falta de desarrollo normativo de una ley regional desde hace cinco a\u00f1os<\/strong><\/p>\n<p>La brutal agresi\u00f3n de un portero de un bar de copas a un joven que hoy se encuentra en coma en la UCI de La Arrixaca ha causado consternaci\u00f3n esta semana en la Regi\u00f3n. No hace falta tener un hijo de esa edad para sentir escalofr\u00edos ante un acto de semejante barbarie. El v\u00eddeo grabado por un testigo no refleja toda la pel\u00edcula de los hechos, pero muestra inequ\u00edvocamente qui\u00e9n es el autor de esa salvajada y qui\u00e9n es la v\u00edctima, abandonada a su suerte en mitad de la calle por el agresor y sus acompa\u00f1antes. Cualesquiera que pudieran ser los motivos o las circunstancias previas jam\u00e1s justificar\u00edan ese ataque contra una persona que hoy se debate entre la vida y la muerte en la cama de un hospital. Como periodista siempre he entendido que el tratamiento informativo de la violencia, ya sea terrorista, de g\u00e9nero o callejera, no permite la equidistancia moral con quienes agreden y con quienes son agredidos. Cuando claramente est\u00e1n identificados los unos y los otros, no es aceptable establecer equivalencias factuales en el relato de los verdugos y en el de las v\u00edctimas, porque de lo contrario se es c\u00f3mplice de los primeros y se da\u00f1a la dignidad de los segundos. La b\u00fasqueda de la verdad obliga siempre a un retrato veraz de los hechos, pero eso no implica neutralidad  con las v\u00edctimas, sino todo lo contrario. Ya sean guardias civiles, como los brutalmente agredidos en Alsasua (Navarra), o  un joven taxista de Alcantarilla, cuya vida pende de un hilo por el pu\u00f1etazo de un portero.<\/p>\n<p>    Delimitar las responsabilidades penales corresponde a los jueces, mientras que la obligaci\u00f3n de los periodistas es profundizar en los hechos sin dejarse llevar por reacciones irracionales de aplauso f\u00e1cil en las redes sociales. Ni todos los porteros de los locales de noche son malas bestias de instintos violentos ni las empresas del ocio nocturno que los contratan son desalmados irresponsables. (Muy probablemente jam\u00e1s habr\u00eda escrito este art\u00edculo ni ning\u00fan otro si un gigantesco portero llamado Tibi no hubiera cumplido con su trabajo aquella noche de 1983, impidi\u00e9ndome de buenas formas, pero taxativamente, el acceso a la discoteca Alcal\u00e1 20 a falta de una hora para su cierre).<\/p>\n<p>      No hubo que rascar mucho tras el suceso acaecido el pasado fin de semana en Murcia para comprobar que existe descontrol en la regulaci\u00f3n de las funciones y criterios de selecci\u00f3n de estos profesionales, cuya responsabilidad p\u00fablica directamente recae en la Administraci\u00f3n regional. Han pasado cinco a\u00f1os desde que la Comunidad aprob\u00f3 la ley de admisi\u00f3n en espect\u00e1culos p\u00fablicos, actividades recreativas y establecimientos p\u00fablicos de la Regi\u00f3n de Murcia. Se trata de una norma fraguada en caliente, como en otras regiones, a ra\u00edz del homicidio del joven \u00c1lvaro Uss\u00eda a manos de un portero de discoteca en Madrid. La Comunidad madrile\u00f1a puso en marcha su propia norma y la desarroll\u00f3, obligando a superar unas pruebas de aptitud a quienes controlan los accesos a los locales nocturnos. Exigencias similares figuran en la normativa murciana, pero el Gobierno regional no la ha desarrollado un lustro despu\u00e9s, lo que ha dejado sin efecto el cumplimiento de los requisitos exigibles a estos profesionales de la noche. A lo m\u00e1s que se ha llegado en la Regi\u00f3n es a la apertura de 29 expedientes sancionadores a ra\u00edz de denuncias por distintos motivos. La propia Asociaci\u00f3n de Empresas de Seguridad de la Regi\u00f3n (Aresmur) denuncia c\u00f3mo este vac\u00edo legal favorece la actividad de grupos organizados que ofrecen personal de seguridad a pubs, discotecas y prost\u00edbulos. La consecuencia de esa dejadez normativa es que hoy, seg\u00fan Aresmur, solo un 10% de locales nocturnos contar\u00eda con vigilantes que han superado todo tipo de pruebas tras una formaci\u00f3n reglada por el Ministerio del Interior. La propia Asociaci\u00f3n Profesional de Porteros de Discoteca de la Regi\u00f3n tambi\u00e9n alerta de los efectos negativos del actual limbo jur\u00eddico, por la existencia de esa ley que no se cumple porque falta su desarrollo. El \u00fanico responsable penal de la agresi\u00f3n a Andr\u00e9s ser\u00e1 quien determine el juez, pero solo desde una imp\u00fadica adulaci\u00f3n acr\u00edtica se podr\u00eda pasar por alto que el Gobierno regional est\u00e1 incurriendo desde hace cinco a\u00f1os en un flagrante incumplimiento de su responsabilidad pol\u00edtica, que es lo que debe denunciar un medio de comunicaci\u00f3n que est\u00e1 al servicio de sus lectores, a fin de que la situaci\u00f3n mejore. Ya tardan.<\/p>\n","protected":false},"excerpt":{"rendered":"<p>No hubo que rascar mucho tras la brutal agresi\u00f3n de un portero a un joven en Murcia para comprobar el descontrol regulatorio sobre estos profesionales, por la falta de desarrollo normativo de una ley regional desde hace cinco a\u00f1os La brutal agresi\u00f3n de un portero de un bar de copas a un joven que hoy [&hellip;]<\/p>\n","protected":false},"author":11,"featured_media":0,"comment_status":"closed","ping_status":"open","sticky":false,"template":"","format":"standard","meta":[],"categories":[3],"tags":[],"_links":{"self":[{"href":"https:\/\/blogs.laverdad.es\/primeraplana\/wp-json\/wp\/v2\/posts\/1021"}],"collection":[{"href":"https:\/\/blogs.laverdad.es\/primeraplana\/wp-json\/wp\/v2\/posts"}],"about":[{"href":"https:\/\/blogs.laverdad.es\/primeraplana\/wp-json\/wp\/v2\/types\/post"}],"author":[{"embeddable":true,"href":"https:\/\/blogs.laverdad.es\/primeraplana\/wp-json\/wp\/v2\/users\/11"}],"replies":[{"embeddable":true,"href":"https:\/\/blogs.laverdad.es\/primeraplana\/wp-json\/wp\/v2\/comments?post=1021"}],"version-history":[{"count":0,"href":"https:\/\/blogs.laverdad.es\/primeraplana\/wp-json\/wp\/v2\/posts\/1021\/revisions"}],"wp:attachment":[{"href":"https:\/\/blogs.laverdad.es\/primeraplana\/wp-json\/wp\/v2\/media?parent=1021"}],"wp:term":[{"taxonomy":"category","embeddable":true,"href":"https:\/\/blogs.laverdad.es\/primeraplana\/wp-json\/wp\/v2\/categories?post=1021"},{"taxonomy":"post_tag","embeddable":true,"href":"https:\/\/blogs.laverdad.es\/primeraplana\/wp-json\/wp\/v2\/tags?post=1021"}],"curies":[{"name":"wp","href":"https:\/\/api.w.org\/{rel}","templated":true}]}}