{"id":1024,"date":"2017-01-08T07:59:59","date_gmt":"2017-01-08T06:59:59","guid":{"rendered":"http:\/\/blogs.laverdad.es\/primeraplana\/?p=1024"},"modified":"2017-01-08T07:59:59","modified_gmt":"2017-01-08T06:59:59","slug":"alcohol-y-menores","status":"publish","type":"post","link":"https:\/\/blogs.laverdad.es\/primeraplana\/2017\/01\/08\/alcohol-y-menores\/","title":{"rendered":"Alcohol y menores"},"content":{"rendered":"<p>El n\u00famero de ingresos de menores en los servicios de Urgencias hospitalarias por consumo de alcohol crece en la Regi\u00f3n desde 2013, contabiliz\u00e1ndose m\u00e1s de medio millar de casos hasta 2015. Ser\u00eda muy sorprendente que esa inquietante escalada de intoxicaciones et\u00edlicas entre menores se hubiera detenido en 2016, cuyas estad\u00edsticas oficiales a\u00fan est\u00e1n pendientes de cierre. La detecci\u00f3n de un n\u00famero creciente de casos de borracheras que acaban con adolescentes en las Urgencias puede explicarse parcialmente por una mayor intervenci\u00f3n de las administraciones p\u00fablicas, pero no cabe ninguna duda de que subyace un fen\u00f3meno muy preocupante que ni mucho menos es exclusivo de la Regi\u00f3n de Murcia. La prueba son los datos oficiales que maneja el Ministerio de Sanidad, cuya nueva titular se ha comprometido a elaborar una nueva ley sobre el consumo del alcohol, con la vista puesta en la poblaci\u00f3n adolescente. El hecho de que la edad media de inicio en el consumo se haya situado por debajo de los 14 a\u00f1os en la Regi\u00f3n da probada idea del grave problema que debe atajar la nueva normativa. La facilidad con que los m\u00e1s j\u00f3venes tienen acceso al alcohol, pese a la actual prohibici\u00f3n, y la falta de una conciencia cr\u00edtica sobre sus efectos demuestra que esta amenaza para la salud p\u00fablica debe abordarse en m\u00faltiples frentes, desde la escuela y la familia a la intervenci\u00f3n policial para castigar a los establecimientos que expenden bebidas alcoh\u00f3licas a menores. Resulta estremecedor comprobar c\u00f3mo la preocupaci\u00f3n de muchos ayuntamientos reside fundamentalmente en acotar las zonas de botelleo para evitar que las concentraciones de j\u00f3venes, entre ellos muchos menores, causen molestias a los vecinos. Puede que el error de partida sea no considerar que este es un problema que exige una fuerte implicaci\u00f3n social por parte de todos. No solo de las administraciones p\u00fablicas. Deber\u00eda existir, por tanto, la mayor voluntad de acuerdo entre las fuerzas pol\u00edticas para lograr una norma realmente eficaz y cuyo principal objetivo, por encima del resto de consideraciones, sea la protecci\u00f3n de los menores.<\/p>\n","protected":false},"excerpt":{"rendered":"<p>El n\u00famero de ingresos de menores en los servicios de Urgencias hospitalarias por consumo de alcohol crece en la Regi\u00f3n desde 2013, contabiliz\u00e1ndose m\u00e1s de medio millar de casos hasta 2015. Ser\u00eda muy sorprendente que esa inquietante escalada de intoxicaciones et\u00edlicas entre menores se hubiera detenido en 2016, cuyas estad\u00edsticas oficiales a\u00fan est\u00e1n pendientes de [&hellip;]<\/p>\n","protected":false},"author":11,"featured_media":0,"comment_status":"closed","ping_status":"open","sticky":false,"template":"","format":"standard","meta":[],"categories":[3],"tags":[],"_links":{"self":[{"href":"https:\/\/blogs.laverdad.es\/primeraplana\/wp-json\/wp\/v2\/posts\/1024"}],"collection":[{"href":"https:\/\/blogs.laverdad.es\/primeraplana\/wp-json\/wp\/v2\/posts"}],"about":[{"href":"https:\/\/blogs.laverdad.es\/primeraplana\/wp-json\/wp\/v2\/types\/post"}],"author":[{"embeddable":true,"href":"https:\/\/blogs.laverdad.es\/primeraplana\/wp-json\/wp\/v2\/users\/11"}],"replies":[{"embeddable":true,"href":"https:\/\/blogs.laverdad.es\/primeraplana\/wp-json\/wp\/v2\/comments?post=1024"}],"version-history":[{"count":0,"href":"https:\/\/blogs.laverdad.es\/primeraplana\/wp-json\/wp\/v2\/posts\/1024\/revisions"}],"wp:attachment":[{"href":"https:\/\/blogs.laverdad.es\/primeraplana\/wp-json\/wp\/v2\/media?parent=1024"}],"wp:term":[{"taxonomy":"category","embeddable":true,"href":"https:\/\/blogs.laverdad.es\/primeraplana\/wp-json\/wp\/v2\/categories?post=1024"},{"taxonomy":"post_tag","embeddable":true,"href":"https:\/\/blogs.laverdad.es\/primeraplana\/wp-json\/wp\/v2\/tags?post=1024"}],"curies":[{"name":"wp","href":"https:\/\/api.w.org\/{rel}","templated":true}]}}