{"id":1026,"date":"2017-01-13T08:28:09","date_gmt":"2017-01-13T07:28:09","guid":{"rendered":"http:\/\/blogs.laverdad.es\/primeraplana\/?p=1026"},"modified":"2017-01-13T08:28:09","modified_gmt":"2017-01-13T07:28:09","slug":"periodicos-y-redes","status":"publish","type":"post","link":"https:\/\/blogs.laverdad.es\/primeraplana\/2017\/01\/13\/periodicos-y-redes\/","title":{"rendered":"Peri\u00f3dicos y redes"},"content":{"rendered":"<p>\u00abLos falsos avisos de bombas no deben ser recogidos como noticia\u00bb, \u00abel periodista deber\u00e1 ser especialmente prudente con las informaciones relativas a los suicidios\u00bb, \u00aben los casos de violaci\u00f3n se omitir\u00e1 el nombre de la v\u00edctima\u00bb&#8230; Algo est\u00e1 cambiando cuando, en estos tiempos modernos, viejos principios del periodismo impreso, condensados en su d\u00eda por \u2018El Pa\u00eds\u2019 en su pionero libro de estilo, saltan por los aires cada dos por tres por dejadez, incompetencia o como f\u00f3rmula para escapar de la irrelevancia. \u00bfC\u00f3mo va a entender la joven Cassandra que no se la persigue penalmente por hacer chistes en Twitter sobre el asesinato de Carrero Blanco, sino porque el C\u00f3digo Penal castiga el enaltecimiento del terrorismo y la humillaci\u00f3n a sus v\u00edctimas, si otras conductas m\u00e1s lesivas socialmente se pasan por alto sin el m\u00e1s m\u00ednimo reproche? <\/p>\n","protected":false},"excerpt":{"rendered":"<p>\u00abLos falsos avisos de bombas no deben ser recogidos como noticia\u00bb, \u00abel periodista deber\u00e1 ser especialmente prudente con las informaciones relativas a los suicidios\u00bb, \u00aben los casos de violaci\u00f3n se omitir\u00e1 el nombre de la v\u00edctima\u00bb&#8230; Algo est\u00e1 cambiando cuando, en estos tiempos modernos, viejos principios del periodismo impreso, condensados en su d\u00eda por \u2018El [&hellip;]<\/p>\n","protected":false},"author":11,"featured_media":0,"comment_status":"closed","ping_status":"open","sticky":false,"template":"","format":"standard","meta":[],"categories":[36],"tags":[],"_links":{"self":[{"href":"https:\/\/blogs.laverdad.es\/primeraplana\/wp-json\/wp\/v2\/posts\/1026"}],"collection":[{"href":"https:\/\/blogs.laverdad.es\/primeraplana\/wp-json\/wp\/v2\/posts"}],"about":[{"href":"https:\/\/blogs.laverdad.es\/primeraplana\/wp-json\/wp\/v2\/types\/post"}],"author":[{"embeddable":true,"href":"https:\/\/blogs.laverdad.es\/primeraplana\/wp-json\/wp\/v2\/users\/11"}],"replies":[{"embeddable":true,"href":"https:\/\/blogs.laverdad.es\/primeraplana\/wp-json\/wp\/v2\/comments?post=1026"}],"version-history":[{"count":0,"href":"https:\/\/blogs.laverdad.es\/primeraplana\/wp-json\/wp\/v2\/posts\/1026\/revisions"}],"wp:attachment":[{"href":"https:\/\/blogs.laverdad.es\/primeraplana\/wp-json\/wp\/v2\/media?parent=1026"}],"wp:term":[{"taxonomy":"category","embeddable":true,"href":"https:\/\/blogs.laverdad.es\/primeraplana\/wp-json\/wp\/v2\/categories?post=1026"},{"taxonomy":"post_tag","embeddable":true,"href":"https:\/\/blogs.laverdad.es\/primeraplana\/wp-json\/wp\/v2\/tags?post=1026"}],"curies":[{"name":"wp","href":"https:\/\/api.w.org\/{rel}","templated":true}]}}