{"id":1028,"date":"2017-01-15T07:50:12","date_gmt":"2017-01-15T06:50:12","guid":{"rendered":"http:\/\/blogs.laverdad.es\/primeraplana\/?p=1028"},"modified":"2017-01-15T07:50:12","modified_gmt":"2017-01-15T06:50:12","slug":"cumbre-decisiva","status":"publish","type":"post","link":"https:\/\/blogs.laverdad.es\/primeraplana\/2017\/01\/15\/cumbre-decisiva\/","title":{"rendered":"Cumbre decisiva"},"content":{"rendered":"<p>La Conferencia de Presidentes del martes es una cita clave para los intereses de la Regi\u00f3n de Murcia. Han pasado cinco a\u00f1os desde la \u00faltima cumbre auton\u00f3mica. Un lustro que no ha sido aprovechado para convertir el Senado en una verdadera C\u00e1mara de representaci\u00f3n territorial, lo que priv\u00f3 asuntos fundamentales y urgentes, como la financiaci\u00f3n auton\u00f3mica, de un marco institucional con poder decisorio para dirimir intereses auton\u00f3micos dispares. Los Ejecutivos nacionalistas de Catalu\u00f1a y Pa\u00eds Vasco van a su aire y no estar\u00e1n representados por sus presidentes, que escenifican as\u00ed que esta cumbre no va con ellos, arrog\u00e1ndose una relaci\u00f3n de bilateralidad con el Estado que no contempla la Constituci\u00f3n. En todo caso, la Conferencia marcar\u00e1 el inicio de la reforma del modelo de financiaci\u00f3n mediante la creaci\u00f3n de un grupo de trabajo. Ah\u00ed empezar\u00e1 una batalla a la que la Regi\u00f3n acude esta vez sin aliados definidos. En anteriores legislaturas,  Murcia hizo pi\u00f1a con la Comunidad Valenciana y Baleares, apostando por el criterio del peso poblacional en el reparto de fondos. Pero ahora valencianos y baleares, con sus nuevos gobiernos de izquierda, hacen frente com\u00fan con Catalu\u00f1a para asegurarse una mejora sustancial de los recursos. El encuentro del martes servir\u00e1 para atisbar cu\u00e1les ser\u00e1n los criterios de reparto con m\u00e1s apoyos en el conjunto de las autonom\u00edas. Sabedor de las dificultades, el Gobierno  ha querido garantizarse un \u00e9xito de m\u00ednimos y llega con muchos elementos pactados y otros que dej\u00f3 orillados. Quiz\u00e1 por eso Moncloa ni se plante\u00f3 introducir el problema del agua. Bajo el argumento de que el d\u00e9ficit h\u00eddrico no es com\u00fan a todos los territorios, sino una particularidad del Sureste, el agua no est\u00e1 en la agenda de los presidentes. Y ese es el gran drama para la Regi\u00f3n de Murcia, que no logra introducir el agua en la agenda de temas nacionales relevantes y que nunca encontrar\u00e1 una soluci\u00f3n sin el apoyo de Comunidades con cuencas cedentes.<\/p>\n","protected":false},"excerpt":{"rendered":"<p>La Conferencia de Presidentes del martes es una cita clave para los intereses de la Regi\u00f3n de Murcia. Han pasado cinco a\u00f1os desde la \u00faltima cumbre auton\u00f3mica. Un lustro que no ha sido aprovechado para convertir el Senado en una verdadera C\u00e1mara de representaci\u00f3n territorial, lo que priv\u00f3 asuntos fundamentales y urgentes, como la financiaci\u00f3n [&hellip;]<\/p>\n","protected":false},"author":11,"featured_media":0,"comment_status":"closed","ping_status":"open","sticky":false,"template":"","format":"standard","meta":[],"categories":[3],"tags":[],"_links":{"self":[{"href":"https:\/\/blogs.laverdad.es\/primeraplana\/wp-json\/wp\/v2\/posts\/1028"}],"collection":[{"href":"https:\/\/blogs.laverdad.es\/primeraplana\/wp-json\/wp\/v2\/posts"}],"about":[{"href":"https:\/\/blogs.laverdad.es\/primeraplana\/wp-json\/wp\/v2\/types\/post"}],"author":[{"embeddable":true,"href":"https:\/\/blogs.laverdad.es\/primeraplana\/wp-json\/wp\/v2\/users\/11"}],"replies":[{"embeddable":true,"href":"https:\/\/blogs.laverdad.es\/primeraplana\/wp-json\/wp\/v2\/comments?post=1028"}],"version-history":[{"count":0,"href":"https:\/\/blogs.laverdad.es\/primeraplana\/wp-json\/wp\/v2\/posts\/1028\/revisions"}],"wp:attachment":[{"href":"https:\/\/blogs.laverdad.es\/primeraplana\/wp-json\/wp\/v2\/media?parent=1028"}],"wp:term":[{"taxonomy":"category","embeddable":true,"href":"https:\/\/blogs.laverdad.es\/primeraplana\/wp-json\/wp\/v2\/categories?post=1028"},{"taxonomy":"post_tag","embeddable":true,"href":"https:\/\/blogs.laverdad.es\/primeraplana\/wp-json\/wp\/v2\/tags?post=1028"}],"curies":[{"name":"wp","href":"https:\/\/api.w.org\/{rel}","templated":true}]}}