{"id":1036,"date":"2017-01-30T21:24:00","date_gmt":"2017-01-30T20:24:00","guid":{"rendered":"http:\/\/blogs.laverdad.es\/primeraplana\/?p=1036"},"modified":"2017-01-30T21:24:00","modified_gmt":"2017-01-30T20:24:00","slug":"tribalismo","status":"publish","type":"post","link":"https:\/\/blogs.laverdad.es\/primeraplana\/2017\/01\/30\/tribalismo\/","title":{"rendered":"Tribalismo"},"content":{"rendered":"<p>El muro con M\u00e9xico propuesto por Trump, presidente de Estados Unidos de d\u00eda y \u2018troll\u2019 en jefe de Twitter por las noches, y el \u2018Brexit\u2019 duro que impulsar\u00e1 la brit\u00e1nica Theresa May, brotan de un mismo manantial: una globalizaci\u00f3n imperfecta que muta a velocidad de v\u00e9rtigo hacia un tribalismo que requiere de culpables externos para todos los males propios o colectivos, ya sean inmigrantes de M\u00e9xico o procedentes de ocho pa\u00edses con religi\u00f3n musulmana. Resulta aterrador el espect\u00e1culo mundial de deshumanizaci\u00f3n al que asistimos en directo en nuestra sociedad digital. Ya es dif\u00edcil digerir que en las redes sociales se criminalice a la v\u00edctima de una paliza brutal en Murcia, que luego aparezca el inefable Willy Toledo legitimando la violencia por cuestiones ideol\u00f3gicas, que unos cuantos sociopatas de la jaur\u00eda tuitera escupan sobre el cad\u00e1ver de Bimba Bos\u00e9, que se busquen precipitadamente culpables del suicidio de una adolescente porque alguien tiene que pagar como sea por un caso de acoso escolar que est\u00e1 por dilucidar&#8230; Pero que sea el propio presidente de EE UU el que no rechace los interrogatorios bajo tortura porque \u00abfuncionan\u00bb nos conduce directamente a las tinieblas y la barbarie del Medievo. Los valores y derechos civiles de la sociedades democr\u00e1ticas est\u00e1n hoy amenazados por dos \u2018sietemachos\u2019 que se tienen en buena estima, Trump y Putin, y un tercero, Xi Jinping, convertido en adalid del libre comercio, pero no as\u00ed de las libertades p\u00fablicas. Con nocturnidad y alevos\u00eda, este triunvirato parece dispuesto a trolear a la humanidad y su planeta. Entre el buenismo y el \u2018pensamiento Alicia\u2019 de la alianza de las civilizaciones a los nuevos planteamientos que buscan unas relaciones internacionales basadas en el enfrentamiento y los muros exist\u00eda un t\u00e9rmino medio que se malogr\u00f3 por el desag\u00fce de la historia. Viendo lo que sucede ah\u00ed fuera resulta hasta enternecedor que Rajoy nos anuncie que va a llover y se suavizar\u00e1 el \u2018tarifazo\u2019 el\u00e9ctrico, que Pedro S\u00e1nchez proclame que vuelve para su en\u00e9simo fracaso y que Pablo Iglesias movilice a los suyos, desde Youtube, hablando con un le\u00f1o frente a una hoguera.<\/p>\n","protected":false},"excerpt":{"rendered":"<p>El muro con M\u00e9xico propuesto por Trump, presidente de Estados Unidos de d\u00eda y \u2018troll\u2019 en jefe de Twitter por las noches, y el \u2018Brexit\u2019 duro que impulsar\u00e1 la brit\u00e1nica Theresa May, brotan de un mismo manantial: una globalizaci\u00f3n imperfecta que muta a velocidad de v\u00e9rtigo hacia un tribalismo que requiere de culpables externos para [&hellip;]<\/p>\n","protected":false},"author":11,"featured_media":0,"comment_status":"closed","ping_status":"open","sticky":false,"template":"","format":"standard","meta":[],"categories":[3],"tags":[],"_links":{"self":[{"href":"https:\/\/blogs.laverdad.es\/primeraplana\/wp-json\/wp\/v2\/posts\/1036"}],"collection":[{"href":"https:\/\/blogs.laverdad.es\/primeraplana\/wp-json\/wp\/v2\/posts"}],"about":[{"href":"https:\/\/blogs.laverdad.es\/primeraplana\/wp-json\/wp\/v2\/types\/post"}],"author":[{"embeddable":true,"href":"https:\/\/blogs.laverdad.es\/primeraplana\/wp-json\/wp\/v2\/users\/11"}],"replies":[{"embeddable":true,"href":"https:\/\/blogs.laverdad.es\/primeraplana\/wp-json\/wp\/v2\/comments?post=1036"}],"version-history":[{"count":0,"href":"https:\/\/blogs.laverdad.es\/primeraplana\/wp-json\/wp\/v2\/posts\/1036\/revisions"}],"wp:attachment":[{"href":"https:\/\/blogs.laverdad.es\/primeraplana\/wp-json\/wp\/v2\/media?parent=1036"}],"wp:term":[{"taxonomy":"category","embeddable":true,"href":"https:\/\/blogs.laverdad.es\/primeraplana\/wp-json\/wp\/v2\/categories?post=1036"},{"taxonomy":"post_tag","embeddable":true,"href":"https:\/\/blogs.laverdad.es\/primeraplana\/wp-json\/wp\/v2\/tags?post=1036"}],"curies":[{"name":"wp","href":"https:\/\/api.w.org\/{rel}","templated":true}]}}