{"id":1037,"date":"2017-02-05T08:21:14","date_gmt":"2017-02-05T07:21:14","guid":{"rendered":"http:\/\/blogs.laverdad.es\/primeraplana\/?p=1037"},"modified":"2017-02-05T08:21:14","modified_gmt":"2017-02-05T07:21:14","slug":"la-hora-de-la-justicia","status":"publish","type":"post","link":"https:\/\/blogs.laverdad.es\/primeraplana\/2017\/02\/05\/la-hora-de-la-justicia\/","title":{"rendered":"La hora de la justicia"},"content":{"rendered":"<p><strong>El insoslayable debate p\u00fablico sobre la investigaci\u00f3n al presidente Pedro Antonio S\u00e1nchez no puede menoscabar su presunci\u00f3n de inocencia ni erosionar la confianza en la independencia del ministerio fiscal y de la judicatura<\/strong><\/p>\n<p>La justicia es representada hist\u00f3ricamente con una estatua de una mujer con los ojos tapados o cerrados porque debe impartirse con imparcialidad y porque el cumplimiento de la ley es obligado para todos, cualquiera que sea su condici\u00f3n. En los tribunales se investigan hechos, no personas. El pasado jueves, los tres magistrados que componen la Sala de lo Civil y lo Penal del TSJ apreciaron que en la exposici\u00f3n razonada remitida por la juez de Lorca se consignan hechos que pudieran ser delictivos e indicios o principios de prueba de que en ellos particip\u00f3 el que entonces era alcalde de Puerto Lumbreras, el presidente Pedro Antonio S\u00e1nchez. Asumida la causa del \u2018caso Auditorio\u2019, el juez P\u00e9rez-Templado determinar\u00e1 en el proceso de instrucci\u00f3n si se consolidan evidencias s\u00f3lidas de que S\u00e1nchez, en la adjudicaci\u00f3n, tramitaci\u00f3n y recepci\u00f3n del auditorio, incurri\u00f3 en la comisi\u00f3n de cuatro presuntos delitos que, en algunos casos, est\u00e1n penados con prisi\u00f3n y catalogados por el CGPJ y la ley de transparencia como de corrupci\u00f3n pol\u00edtica. <\/p>\n<p>      En ning\u00fan caso se dirime en el TSJ una causa general sobre la honestidad de Pedro Antonio S\u00e1nchez. All\u00ed no se dilucida la eficacia y honradez de su gesti\u00f3n como alcalde o si es un buen o mal presidente, si ha sido sometido a una persecuci\u00f3n pol\u00edtica por el PSOE en los tribunales o si el PP infla el n\u00famero de denuncias dirigidas con \u00e9l y el desenlace de \u00e9stas. Si debe dimitir en caso de ser llamado a declarar en virtud del art\u00edculo 54 de la ley regional de transparencia o si est\u00e1 obligado o no a cumplir las promesas p\u00fablicas y compromisos con otros partidos que haya podido realizar en relaci\u00f3n a este asunto. En el TSJ no se sustanciar\u00e1 si una imputaci\u00f3n formal se produce cuando un investigado es encausado y se le se\u00f1ala el camino del banquillo. Todo eso forma parte del debate p\u00fablico, que es leg\u00edtimo, insoslayable y relevante cuando el investigado es el presidente elegido democr\u00e1ticamente por todos los murcianos, a quienes representa institucionalmente y con quienes se comprometi\u00f3, en primer lugar, a cumplir y hacer cumplir la ley. La ciudadan\u00eda no est\u00e1 obligada a ponerse una venda o a mirar para otro lado. Especialmente quienes tienen responsabilidades p\u00fablicas. Los partidarios y adversarios de S\u00e1nchez est\u00e1n en su derecho de anticipar que todo quedar\u00e1 en nada o en reclamar que deber\u00eda ya renunciar a la presidencia, pero unos y otros tienen la responsabilidad de dejar trabajar a la justicia y respetar sus resoluciones. Por un lado, sin menoscabar la presunci\u00f3n de inocencia, un derecho fundamental que asiste al presidente como al resto de los ciudadanos hasta el momento de una hipot\u00e9tica sentencia. Y por otro, sin erosionar la confianza en la independencia de instituciones que son claves para nuestra calidad democr\u00e1tica, como el ministerio fiscal y la judicatura. Aquello que criticamos en Catalu\u00f1a cuando lo practican los separatistas no puede parecernos admisible aqu\u00ed. Depende de c\u00f3mo act\u00faen unos y otros, el perjuicio general puede ser a\u00fan m\u00e1s profundo.<\/p>\n<p>     Solo un necio o un irresponsable puede concluir que la investigaci\u00f3n judicial por cuatro presuntos delitos al presidente de la Comunidad, cualquiera que fuese su color pol\u00edtico, comporta beneficios para el inter\u00e9s general de la Regi\u00f3n, que de partida sufre un serio rev\u00e9s reputacional y entra en una fase de grave incertidumbre pol\u00edtica. Dicho eso, en el plano democr\u00e1tico existe un valor superior que est\u00e1 en juego en este asunto judicial: velar por el cumplimiento de la ley y la salvaguarda del estado de derecho, que no puede quedar en entredicho, ni en este ni en ning\u00fan otro caso.   <\/p>\n<p>     La sociedad murciana no puede permanecer durante mucho tiempo en esta situaci\u00f3n. El fiscal, la juez de Lorca y tres magistrados del TSJ, \u00aben una valoraci\u00f3n muy provisional\u00bb, han apreciado indicios de delito que deben ser esclarecidos sin dilaci\u00f3n en un proceso que debe reunir las plenas garant\u00edas previstas en la ley de enjuiciamiento criminal para todas las partes personadas. Anticipar el desenlace de esta investigaci\u00f3n judicial es, en mi opini\u00f3n, temerario. Supondr\u00eda asumir que toda la investigaci\u00f3n est\u00e1 ya instruida cuando a\u00fan no ha declarado el principal investigado. El horizonte no parece alentador para S\u00e1nchez, ahora que tres magistrados han asumido el relato indiciario de la juez de Lorca, pero tambi\u00e9n es cierto que es a partir de este momento cuando se determinar\u00e1, o\u00eddo al principal se\u00f1alado, si el peso de las evidencias en todos los supuestos delictivos es suficiente para encausarlo y llevarlo a juicio. <\/p>\n<p>En el plano pol\u00edtico tiene a su favor que no existen obst\u00e1culos para que todo el proceso en el TSJ sea r\u00e1pido y que cuenta con el respaldo regional y nacional de su partido. En contra, que tiene a la vuelta de la esquina la amenaza de otra investigaci\u00f3n por la \u2018operaci\u00f3n P\u00fanica\u2019 en v\u00edsperas del congreso nacional del PP y de la negociaci\u00f3n pol\u00edtica de los Presupuestos Generales del Estado. Y ya se vio con el caso de Rita Barber\u00e1 que cualquier obst\u00e1culo, por apreciado y respetado que sea en sus filas, es despejado si Rajoy detecta que pone en peligro la gobernabilidad del pa\u00eds. Respetando todas las opiniones, nuestro punto de vista no ha variado en los \u00faltimos a\u00f1os sobre la continuidad de los pol\u00edticos electos en sus cargos. La apertura de juicio oral, cuando ya la \u00fanica salida es el banquillo de los acusados, parece el momento m\u00e1s oportuno, salvo que el delito sea flagrante y cause una generalizada alarma social o produzca un destrozo irreparable al inter\u00e9s general. Las responsabilidades pol\u00edticas tienen l\u00edneas rojas difusas, basadas en criterios de valoraci\u00f3n subjetivos, que generalmente incumplen la mayor\u00eda de los partidos pol\u00edticos porque para eso recurren a la doble vara de medir. De una vez por todas deber\u00edan dejar claras sus posiciones, cumplir sus compromisos y respetar lo que aprueban en sus c\u00f3digos \u00e9ticos y leyes.<\/p>\n<p>Los grandes pol\u00edticos son aquellos que se mantienen democr\u00e1ticamente en el poder por su buen hacer refrendado en las urnas y que saben marcharse cuando su permanencia causa un indiscutible deterioro en la confianza en las instituciones. Estoy convencido de que Pedro Antonio S\u00e1nchez, al que deseo la mejor de las suertes en el plano personal, sabr\u00e1 si en alg\u00fan momento se alcanza ese punto y de que actuar\u00e1 en consecuencia. Si no lo hiciera, la sociedad civil se lo reclamar\u00e1. Llegado ese supuesto, este peri\u00f3dico cumplir\u00eda con su obligaci\u00f3n y se lo har\u00eda saber.<\/p>\n","protected":false},"excerpt":{"rendered":"<p>El insoslayable debate p\u00fablico sobre la investigaci\u00f3n al presidente Pedro Antonio S\u00e1nchez no puede menoscabar su presunci\u00f3n de inocencia ni erosionar la confianza en la independencia del ministerio fiscal y de la judicatura La justicia es representada hist\u00f3ricamente con una estatua de una mujer con los ojos tapados o cerrados porque debe impartirse con imparcialidad [&hellip;]<\/p>\n","protected":false},"author":11,"featured_media":0,"comment_status":"closed","ping_status":"open","sticky":false,"template":"","format":"standard","meta":[],"categories":[3],"tags":[],"_links":{"self":[{"href":"https:\/\/blogs.laverdad.es\/primeraplana\/wp-json\/wp\/v2\/posts\/1037"}],"collection":[{"href":"https:\/\/blogs.laverdad.es\/primeraplana\/wp-json\/wp\/v2\/posts"}],"about":[{"href":"https:\/\/blogs.laverdad.es\/primeraplana\/wp-json\/wp\/v2\/types\/post"}],"author":[{"embeddable":true,"href":"https:\/\/blogs.laverdad.es\/primeraplana\/wp-json\/wp\/v2\/users\/11"}],"replies":[{"embeddable":true,"href":"https:\/\/blogs.laverdad.es\/primeraplana\/wp-json\/wp\/v2\/comments?post=1037"}],"version-history":[{"count":0,"href":"https:\/\/blogs.laverdad.es\/primeraplana\/wp-json\/wp\/v2\/posts\/1037\/revisions"}],"wp:attachment":[{"href":"https:\/\/blogs.laverdad.es\/primeraplana\/wp-json\/wp\/v2\/media?parent=1037"}],"wp:term":[{"taxonomy":"category","embeddable":true,"href":"https:\/\/blogs.laverdad.es\/primeraplana\/wp-json\/wp\/v2\/categories?post=1037"},{"taxonomy":"post_tag","embeddable":true,"href":"https:\/\/blogs.laverdad.es\/primeraplana\/wp-json\/wp\/v2\/tags?post=1037"}],"curies":[{"name":"wp","href":"https:\/\/api.w.org\/{rel}","templated":true}]}}