{"id":1040,"date":"2017-02-12T07:42:36","date_gmt":"2017-02-12T06:42:36","guid":{"rendered":"http:\/\/blogs.laverdad.es\/primeraplana\/?p=1040"},"modified":"2017-02-12T07:42:36","modified_gmt":"2017-02-12T06:42:36","slug":"duelo-al-sol","status":"publish","type":"post","link":"https:\/\/blogs.laverdad.es\/primeraplana\/2017\/02\/12\/duelo-al-sol\/","title":{"rendered":"Duelo al sol"},"content":{"rendered":"<p>Es dif\u00edcil imaginarse a Podemos sin el liderazgo de Pablo Iglesias, pero tambi\u00e9n resultaba inimaginable hace unos meses que fuera \u00e9l mismo quien iba a conducir a su partido directamente hasta el borde de un abismo. En la cita de Vistalegre no solo est\u00e1 en juego su continuidad al frente de Podemos, por su empe\u00f1o en convertir este congreso en un plebiscito sobre su persona, en un \u2018o yo o Errej\u00f3n\u2019, sino las propias expectativas de la formaci\u00f3n morada a medio y largo plazo. El problema de fondo no es que haya dos proyectos en discusi\u00f3n, sino que la democr\u00e1tica confrontaci\u00f3n interna de ideas, estrategias y propuestas ha derivado finalmente en una especie de duelo al sol entre \u00e9l y su secretario pol\u00edtico, un todo o nada aventado p\u00fablicamente a ca\u00f1onazos en los \u00faltimos meses y cuyo resultado se conocer\u00e1 hoy en directo, con alta probabilidad de que uno de los dos pistoleros no sobreviva pol\u00edticamente. A nadie le puede extra\u00f1ar que la opini\u00f3n p\u00fablica haya percibido estas diferencias estrat\u00e9gicas y de organizaci\u00f3n como una aut\u00e9ntica pugna por el poder en la formaci\u00f3n morada, totalmente alejada de las inquietudes de los ciudadanos, incluidos muchos de sus cinco millones de votantes en las \u00faltimas generales. Que miembros del 15M hayan declarado en la v\u00edspera de Vistalegre que hoy no se ven representados por Podemos, el partido que supo aprovechar esa ola de indignaci\u00f3n ciudadana, es sintom\u00e1tico de su delicada situaci\u00f3n.<\/p>\n<p>    El relato de \u2018pablistas\u2019 y \u2018errejonistas\u2019 es bien distinto, pero desde la distancia se observan sobrados argumentos de fondo para esa rebeli\u00f3n interna. En junio pasado, Iglesias empez\u00f3 a cometer errores pol\u00edticos y no ha parado desde entonces. Hay que retrotraerse a esa rueda de prensa donde reclamaba la vicepresidencia y varios ministerios claves para llegar a un pacto de investidura del PSOE de Pedro S\u00e1nchez y al llamado \u2018pacto de los botellines\u2019 con IU, una alianza para lograr el \u2018sorpasso\u2019 que result\u00f3 fallida y dej\u00f3 a Podemos sin la vitola de transversalidad que atrajo a muchos j\u00f3venes votantes, desvelando al tiempo una obsesiva fijaci\u00f3n de Iglesias por conquistar el poder a toda costa y lo m\u00e1s r\u00e1pidamente posible. Luego llegaron las purgas a los errejonistas, una vez derrotados en las elecciones de Madrid, que sacaron a la luz los tics autoritarios y poco respetuosos con la pluralidad del hasta entonces indiscutido l\u00edder. El Comit\u00e9 de Garant\u00edas Democr\u00e1ticas, el \u00f3rgano independiente que debe velar por una participaci\u00f3n igualitaria en Podemos, qued\u00f3 luego en entredicho cuando aval\u00f3 la acumulaci\u00f3n de cargos de Ram\u00f3n Espinar, secretario general de Madrid, diputado auton\u00f3mico y senador. Un comit\u00e9 presidido por quien es, al mismo tiempo, vicepresidenta del Congreso de los Diputados y letrada de la formaci\u00f3n morada. Con esa discutida acumulaci\u00f3n de cargos era esperable que los c\u00edrculos, la base de ese partido, terminaran por dudar de la participaci\u00f3n igualitaria en ese partido. La situaci\u00f3n en las organizaciones territoriales tambi\u00e9n era propicia para el malestar interno. La concentraci\u00f3n de poder en Madrid es manifiesta. Aunque la representaci\u00f3n territorial estaba garantizada en el Consejo Estatal Ciudadano, la autonom\u00eda funcional y org\u00e1nica es limitada. Por no hablar de los recursos econ\u00f3micos. Hasta el 30% de los fondos obtenidos territorialmente se destinaban al sostenimiento estatal del partido, para desesperaci\u00f3n de los c\u00edrculos locales.<\/p>\n<p>      La dial\u00e9ctica de la divisi\u00f3n alentada en la antesala de Vistalegre le pasar\u00e1 factura a Podemos, cualquiera que sea hoy el desenlace. Si al PSOE le quedan muchos meses de coser heridas, a Podemos le aguarda un escenario no menos problem\u00e1tico. Entre otras razones porque esa fractura entre Iglesias y Errej\u00f3n se ha replicado en algunos territorios. En la Regi\u00f3n de Murcia, que pod\u00eda presumir de cohesi\u00f3n interna, se han escenificado ambos frentes, con el secretario general \u00d3scar Urralburu del lado \u2018errejonista\u2019 y el diputado Javier S\u00e1nchez apoyando a los \u2018pablistas\u2019. Y a todo esto, con la eurodiputada Lola S\u00e1nchez dispuesta a plantearle batalla a Urralburu por la direcci\u00f3n regional. En un tiempo r\u00e9cord, a Podemos le han brotado todos los males de los partidos pol\u00edticos tradicionales a los que aspiraba a sustituir. Ahora le ha llegado el momento de demostrar si su nacimiento y exitosa infancia no fue producto de un momento coyuntural en la fase m\u00e1s aguda de la crisis. Pese a las llamadas de ayer a la unidad en Vistalegre, el pron\u00f3stico es reservado.<\/p>\n","protected":false},"excerpt":{"rendered":"<p>Es dif\u00edcil imaginarse a Podemos sin el liderazgo de Pablo Iglesias, pero tambi\u00e9n resultaba inimaginable hace unos meses que fuera \u00e9l mismo quien iba a conducir a su partido directamente hasta el borde de un abismo. En la cita de Vistalegre no solo est\u00e1 en juego su continuidad al frente de Podemos, por su empe\u00f1o [&hellip;]<\/p>\n","protected":false},"author":11,"featured_media":0,"comment_status":"closed","ping_status":"open","sticky":false,"template":"","format":"standard","meta":[],"categories":[3],"tags":[],"_links":{"self":[{"href":"https:\/\/blogs.laverdad.es\/primeraplana\/wp-json\/wp\/v2\/posts\/1040"}],"collection":[{"href":"https:\/\/blogs.laverdad.es\/primeraplana\/wp-json\/wp\/v2\/posts"}],"about":[{"href":"https:\/\/blogs.laverdad.es\/primeraplana\/wp-json\/wp\/v2\/types\/post"}],"author":[{"embeddable":true,"href":"https:\/\/blogs.laverdad.es\/primeraplana\/wp-json\/wp\/v2\/users\/11"}],"replies":[{"embeddable":true,"href":"https:\/\/blogs.laverdad.es\/primeraplana\/wp-json\/wp\/v2\/comments?post=1040"}],"version-history":[{"count":0,"href":"https:\/\/blogs.laverdad.es\/primeraplana\/wp-json\/wp\/v2\/posts\/1040\/revisions"}],"wp:attachment":[{"href":"https:\/\/blogs.laverdad.es\/primeraplana\/wp-json\/wp\/v2\/media?parent=1040"}],"wp:term":[{"taxonomy":"category","embeddable":true,"href":"https:\/\/blogs.laverdad.es\/primeraplana\/wp-json\/wp\/v2\/categories?post=1040"},{"taxonomy":"post_tag","embeddable":true,"href":"https:\/\/blogs.laverdad.es\/primeraplana\/wp-json\/wp\/v2\/tags?post=1040"}],"curies":[{"name":"wp","href":"https:\/\/api.w.org\/{rel}","templated":true}]}}