{"id":1045,"date":"2017-02-26T08:07:12","date_gmt":"2017-02-26T07:07:12","guid":{"rendered":"http:\/\/blogs.laverdad.es\/primeraplana\/?p=1045"},"modified":"2017-02-26T08:07:12","modified_gmt":"2017-02-26T07:07:12","slug":"escuadron-suicida","status":"publish","type":"post","link":"https:\/\/blogs.laverdad.es\/primeraplana\/2017\/02\/26\/escuadron-suicida\/","title":{"rendered":"Escuadr\u00f3n suicida"},"content":{"rendered":"<p>Una de las escenas m\u00e1s hilarantes de \u2018La vida de Brian\u2019, la c\u00e9lebre comedia de Monty Python, tiene lugar al pie del cadalso cuando los romanos huyen despavoridos al ver aproximarse a la carrera a trece miembros del autodenominado \u2018Frente del Pueblo Judaico\u2019. Para desesperaci\u00f3n de Brian, resultaron ser miembros de un escuadr\u00f3n suicida que, al grito de \u00abas\u00ed aprender\u00e1n esos romanos\u00bb, se apu\u00f1alaron en el coraz\u00f3n para dar un escarmiento a los invasores. En el terreno de la pol\u00edtica regional sucedi\u00f3 algo parecido hace pocos a\u00f1os cuando el entonces portavoz de UPyD en Caravaca, el hoy l\u00edder regional de Ciudadanos Miguel S\u00e1nchez, anunci\u00f3 que renunciar\u00eda a su acta de concejal si en diez d\u00edas no dimit\u00eda el alcalde Domingo Aranda, reci\u00e9n imputado por el caso \u2018Roblecillo\u2019. El primer edil no dimiti\u00f3 y Miguel S\u00e1nchez se inmol\u00f3: \u00abMe voy m\u00e1s que en un gesto de generosidad, en un gesto de dignidad\u00bb. Como en \u2018La vida de Brian\u2019, ese \u2018suicidio\u2019 pol\u00edtico tuvo su punto teatral porque S\u00e1nchez resucit\u00f3 al cabo de un mes en Ciudadanos, aunque las escrituras no ap\u00f3crifas oficializan que se cay\u00f3 del caballo, como Pablo de Tarso, cuando en ese \u00ednterin vio la luz en un mitin de Albert Rivera. De lo que no hay duda es de que Miguel S\u00e1nchez es un pol\u00edtico que cumple su palabra y se esfuerza por estar a la altura del \u00e9xito sobrevenido de un partido formado con una precipitada leva de disidentes de uno y otro lado para hacer frente al \u2018imperio\u2019 popular, unidos todos bajo la bandera de la regeneraci\u00f3n democr\u00e1tica. Ciudadanos sabe que se juega hoy el ser o no ser en la Regi\u00f3n, si lo firmado en el pacto de investidura de Pedro Antonio S\u00e1nchez no se lleva a t\u00e9rmino por el cauce que sea, ahora que empiezan a mostrar tambi\u00e9n fortalezas con su trabajo en las instituciones regionales. Por eso Albert Rivera no apunta otra soluci\u00f3n que la dimisi\u00f3n del presidente regional desde que fue citado a declarar el 6 de marzo como investigado, antes imputado, por el \u2018caso Auditorio\u2019. En su estrategia de defensa de PAS, el Gobierno de Rajoy y G\u00e9nova han hecho todo lo posible en estos d\u00edas para debilitar el empuje de Ciudadanos mostrando sus ambig\u00fcedades: el apoyo al alcalde socialista de Granada (investigado por varios delitos), su apuesta por fijar en una ley la l\u00ednea roja para las dimisiones por corrupci\u00f3n en la apertura de juicio oral, la obviedad compartida de que no es lo mismo meter la pata que meter la mano&#8230; Finalmente, los l\u00edderes nacionales de C\u2019s y PP pactaron una tregua que expira el d\u00eda 6 si PAS no ofrece el pr\u00f3ximo jueves a Miguel S\u00e1nchez un candidato alternativo del PP para la presidencia. Y es que unos y otros saben que una moci\u00f3n de censura implica un acuerdo con Podemos y posiblemente la elecci\u00f3n de un presidente del PSOE, lo que no entender\u00edan los votantes de la formaci\u00f3n naranja. A estas alturas, el asunto huele a muerto, pero est\u00e1 por ver qui\u00e9n actuar\u00e1 como escuadr\u00f3n suicida por mor de un pacto de investidura que entra\u00f1a riesgos para ambas partes en funci\u00f3n de c\u00f3mo acabe la historia. Como medida disuasoria, Pedro Antonio S\u00e1nchez ya ha hecho saber, por v\u00eda indirecta, que como est\u00e1 convencido de que el caso ser\u00e1 archivado r\u00e1pidamente, podr\u00eda ser \u00e9l quien convocara elecciones anticipadas despu\u00e9s, con previsible resultado arrollador. <\/p>\n<p>     Es obvio que el peor pron\u00f3stico de partida es para PAS, pese a que ha logrado interiorizar en el Gobierno de Rajoy y en G\u00e9nova, ambos todav\u00eda afectados por lo sucedido con Rita Barber\u00e1, que este caso se archivar\u00e1 como los anteriores. Lo ha conseguido sobre la base de una clara convicci\u00f3n en su inocencia pero tambi\u00e9n de un relato trufado de fantas\u00edas sobre el n\u00famero de querellas penales recibidas (en realidad ha tenido dos en Murcia y solo una impulsada por el fiscal), de juegos florales de naturaleza sem\u00e1ntica sobre los presuntos delitos investigados (que son contra la Administraci\u00f3n p\u00fablica y catalogados de corrupci\u00f3n por el CGPJ) y una interpretaci\u00f3n jur\u00eddica de un pacto de investidura que est\u00e1 muy claro. Nada de eso se dirimir\u00e1 en el TSJ porque forma parte del \u00e1mbito de la pol\u00edtica y no tendr\u00e1 ning\u00fan peso, ni a favor ni en contra, en la verdad judicial que terminar\u00e1 por emerger. Pese a que ha generado un colosal problema a\u00f1adido al Gobierno con su indiscreci\u00f3n sobre el dictamen de la Fiscal\u00eda Anticorrupci\u00f3n, PAS sigue teniendo hoy el respaldo de Madrid porque conf\u00edan en su inocencia, valoran su acci\u00f3n de gobierno, creen que representa el futuro del partido y el propio presidente ha dejado en evidencia, con esos m\u00e1s de 5.000 avales, que su liderazgo regional es incuestionable. Por tanto, entienden que tiene el derecho a defenderse ante el TSJ, m\u00e1s a\u00fan si asegura por activa y por pasiva que quedar\u00e1 demostrado que los \u00aberrores administrativos\u00bb en la tramitaci\u00f3n del Auditorio no son il\u00edcitos penales.      <\/p>\n<p>    Los problemas internos vendr\u00e1n si despu\u00e9s de su declaraci\u00f3n la instrucci\u00f3n se alarga durante muchos d\u00edas o algunas semanas, lo que es muy probable. Y no lo digo porque ponga en cuesti\u00f3n su inocencia, sino porque ser\u00eda impensable desde el punto de vista procesal que se produjera un hipot\u00e9tico sobreseimiento nada m\u00e1s terminar de declarar o que tanto el fiscal y las acusaciones particulares no lo recurrieran, entonces o en d\u00edas posteriores, para que se pronunciara la Sala de lo Civil y lo Penal compuesta por tres magistrados. El instructor del caso, P\u00e9rez Templado, ha demostrado ser un magistrado que no marea las causas, pero se tomar\u00e1 sus tiempos, que son distintos a los de la pol\u00edtica, para dar todas las garant\u00edas procesales y porque su resoluci\u00f3n ser\u00e1 mirada con lupa, cualquiera que sean sus conclusiones.<\/p>\n<p>    El pacto de investidura que firmaron voluntariamente PP y Ciudadanos fue un acuerdo pol\u00edtico que hoy nos afecta a todos, tanto a quienes consideran que la imputaci\u00f3n indiciaria de un delito debe llevar aparejada la dimisi\u00f3n como a quienes creemos que debe ser en el momento previo a la apertura de juicio oral. Lo menos que cabe exigirles a los partidos es que act\u00faen con responsabilidad, sin menoscabar la presunci\u00f3n de inocencia de nadie ni someter a la ciudadan\u00eda a relatos y debates carentes de veracidad. Esta crisis de descr\u00e9dito nacional e inestabilidad pol\u00edtica debe cerrarse cuanto antes sin perder de vista el inter\u00e9s general y sin renunciar a despejar toda duda sobre la actuaci\u00f3n ajustada a la legalidad de quien representa institucionalmente a todos los murcianos. Lo contrario ser\u00eda suicida para todos.<\/p>\n","protected":false},"excerpt":{"rendered":"<p>Una de las escenas m\u00e1s hilarantes de \u2018La vida de Brian\u2019, la c\u00e9lebre comedia de Monty Python, tiene lugar al pie del cadalso cuando los romanos huyen despavoridos al ver aproximarse a la carrera a trece miembros del autodenominado \u2018Frente del Pueblo Judaico\u2019. Para desesperaci\u00f3n de Brian, resultaron ser miembros de un escuadr\u00f3n suicida que, [&hellip;]<\/p>\n","protected":false},"author":11,"featured_media":0,"comment_status":"closed","ping_status":"open","sticky":false,"template":"","format":"standard","meta":[],"categories":[3],"tags":[],"_links":{"self":[{"href":"https:\/\/blogs.laverdad.es\/primeraplana\/wp-json\/wp\/v2\/posts\/1045"}],"collection":[{"href":"https:\/\/blogs.laverdad.es\/primeraplana\/wp-json\/wp\/v2\/posts"}],"about":[{"href":"https:\/\/blogs.laverdad.es\/primeraplana\/wp-json\/wp\/v2\/types\/post"}],"author":[{"embeddable":true,"href":"https:\/\/blogs.laverdad.es\/primeraplana\/wp-json\/wp\/v2\/users\/11"}],"replies":[{"embeddable":true,"href":"https:\/\/blogs.laverdad.es\/primeraplana\/wp-json\/wp\/v2\/comments?post=1045"}],"version-history":[{"count":0,"href":"https:\/\/blogs.laverdad.es\/primeraplana\/wp-json\/wp\/v2\/posts\/1045\/revisions"}],"wp:attachment":[{"href":"https:\/\/blogs.laverdad.es\/primeraplana\/wp-json\/wp\/v2\/media?parent=1045"}],"wp:term":[{"taxonomy":"category","embeddable":true,"href":"https:\/\/blogs.laverdad.es\/primeraplana\/wp-json\/wp\/v2\/categories?post=1045"},{"taxonomy":"post_tag","embeddable":true,"href":"https:\/\/blogs.laverdad.es\/primeraplana\/wp-json\/wp\/v2\/tags?post=1045"}],"curies":[{"name":"wp","href":"https:\/\/api.w.org\/{rel}","templated":true}]}}