{"id":1046,"date":"2017-03-05T07:47:15","date_gmt":"2017-03-05T06:47:15","guid":{"rendered":"http:\/\/blogs.laverdad.es\/primeraplana\/?p=1046"},"modified":"2017-03-05T07:47:15","modified_gmt":"2017-03-05T06:47:15","slug":"que-sera-lo-proximo","status":"publish","type":"post","link":"https:\/\/blogs.laverdad.es\/primeraplana\/2017\/03\/05\/que-sera-lo-proximo\/","title":{"rendered":"\u00bfQu\u00e9 ser\u00e1 lo pr\u00f3ximo?"},"content":{"rendered":"<p><strong>En cuesti\u00f3n de semanas, no de meses, la ciudadan\u00eda debe tener despejado el horizonte pol\u00edtico de los nubarrones que han venido a entorpecer la recuperaci\u00f3n econ\u00f3mica. Esta crisis empieza a dejar demasiados pelos en la gatera<\/strong><\/p>\n<p>El presidente Pedro Antonio S\u00e1nchez acude ma\u00f1ana en calidad de investigado al Tribunal Superior de Justicia para responder ante el juez P\u00e9rez-Templado por los indicios de cuatro presuntos delitos relacionados con la adjudicaci\u00f3n, tramitaci\u00f3n y recepci\u00f3n del Auditorio de Puerto Lumbreras que fueron detallados por la juez de Lorca en su exposici\u00f3n razonada. De esa comparecencia decisiva para su futuro pol\u00edtico solo se pueden anticipar las cuestiones que presumiblemente le ser\u00e1n formuladas por las acusaciones, as\u00ed como las l\u00edneas generales de su defensa. En ning\u00fan caso, el desenlace de una declaraci\u00f3n ante los tribunales, cuya concreci\u00f3n no ser\u00e1 inmediata por la propia mec\u00e1nica procesal de un sistema judicial garantista como el nuestro. Es probable, no obstante, que todas las partes implicadas salgan el lunes del TSJ con una idea aproximada de los derroteros que puede tomar el caso y de las posibilidades de que contin\u00fae adelante la investigaci\u00f3n del presidente. Eso \u00faltimo es lo que dilucidar\u00e1 el juez: si a la vista de su declaraci\u00f3n y de las evidencias que se pondr\u00e1n a consideraci\u00f3n en el TSJ hay s\u00f3lidos indicios racionales para procesar o no al presidente regional. Como cualquier ciudadano, S\u00e1nchez acude amparado por la presunci\u00f3n de inocencia, un derecho constitucional que rige en el \u00e1mbito judicial y que perdura hasta el momento en que se produce una sentencia condenatoria. Otra cuesti\u00f3n diferente es el cr\u00e9dito pol\u00edtico, que se sustancia fuera de los tribunales y es igualmente relevante porque en esta ocasi\u00f3n ata\u00f1e, adem\u00e1s, a quien representa a toda la sociedad murciana. Las posibles responsabilidades penales y las pol\u00edticas operan en territorios diferentes, aunque las judiciales afectan a las segundas de manera decisiva. La sempiterna cuesti\u00f3n de debate, sobre la que ya nos hemos pronunciado reiteradamente, es cu\u00e1ndo deben concretarse en la separaci\u00f3n del cargo, un asunto en el que los partidos no acaban de alcanzar un consenso, para desesperaci\u00f3n de una sociedad hastiada de las dobles varas de medir, del sectarismo y de los intereses partidistas.<br \/>\nEsta semana, Ciudadanos ha retirado su apoyo al Gobierno regional porque considera que S\u00e1nchez ha incumplido su palabra y el primer punto de su pacto de investidura. No ten\u00eda otra salida pol\u00edtica si no quer\u00eda quedar ninguneado a la vista de sus votantes. Por m\u00e1s vueltas que le d\u00e9 el PP al t\u00e9rmino jur\u00eddico de \u2018imputado\u2019, si se investigan o no delitos de corrupci\u00f3n o las posiciones ambiguas de C\u2019s a nivel nacional y territorial, la formaci\u00f3n naranja ten\u00eda razones objetivas para dar por incumplido el pacto firmado en Murcia. Eran lentejas, como dice Maillo, pero se aceptaron a cambio del Gobierno regional. Cuesti\u00f3n distinta es si habr\u00eda sido m\u00e1s prudente que C\u2019s hubiera esperado a la declaraci\u00f3n de ma\u00f1ana dado que su decisi\u00f3n tiene dif\u00edcil marcha atr\u00e1s. De hecho, ya ha dado un segundo paso: una vez que el PP ha rechazado presentar un sustituto para S\u00e1nchez, el partido de Rivera iniciar\u00e1 conversaciones con el PSOE este mi\u00e9rcoles de cara a una posible moci\u00f3n de censura, que ser\u00eda secundada por Podemos. Que sea esa la mejor soluci\u00f3n, o incluso que sea factible, es una cuesti\u00f3n discutible, pero lo cierto es que hoy es la hoja de ruta a la que vamos abocados por una crisis que, pese a que era previsible, ha puesto a la Regi\u00f3n en el foco medi\u00e1tico nacional, no precisamente para bien del inter\u00e9s general de la sociedad murciana.<br \/>\nEs la crisis pol\u00edtica m\u00e1s grave que vive la Regi\u00f3n desde hace d\u00e9cadas y debe resolverse cuanto antes. El presidente S\u00e1nchez pidi\u00f3 a sus adversarios una tregua hasta ma\u00f1ana para intentar aclarar su situaci\u00f3n judicial, convencido de que no hay il\u00edcitos penales. Lo que solicit\u00f3 el viernes parece sensato y parec\u00eda dar a entender que a la vista de c\u00f3mo transcurran los acontecimientos en el TSJ se reafirmar\u00e1 en su posici\u00f3n de continuar o meditar\u00e1 otras alternativas. Ya se ver\u00e1. Dicho eso, la confianza de PAS y los dirigentes populares en que todo le ir\u00e1 bien este lunes ante el juez P\u00e9rez-Templado era ayer absoluta. El hecho de que C\u2019s y PSOE hayan decidido esperar al mi\u00e9rcoles para empezar a hablar parece una aceptaci\u00f3n t\u00e1cita de esa especie de \u2018alto el fuego\u2019. Y es que Ciudadanos no se va a lanzar a una moci\u00f3n de censura sin meditarlo a fondo, ya que saben que posteriormente podr\u00eda tener un devastador castigo en las urnas. Albert Rivera ya ha dejado entrever que, bajo estrictas condiciones, podr\u00edan volver a dar su apoyo a S\u00e1nchez si el TSJ decide no investigarlo porque no ve delito punible en esa chapuza administrativa que la Intervenci\u00f3n General del Estado observa en la tramitaci\u00f3n del Auditorio. Hoy, pues, todo est\u00e1 abierto.<br \/>\nPase lo que pase, en cuesti\u00f3n de semanas, y no de meses, la ciudadan\u00eda deber\u00eda tener despejado el horizonte de todos estos nubarrones que han venido a entorpecer una recuperaci\u00f3n econ\u00f3mica en v\u00edas de consolidaci\u00f3n. Esta crisis empieza a dejar demasiados pelos en la gatera. Quedan serios da\u00f1os colaterales que tardar\u00e1n en resta\u00f1arse cualquiera que sea el desenlace. El c\u00famulo de falsedades o medias verdades exhibidas en estas semanas, con tertulianos nacionales de trinchera ideol\u00f3gica repitiendo los argumentarios de los partidos, fue lamentable. A cuenta de los casos \u2018P\u00fanica\u2019 y \u2018Auditorio\u2019 se ha llegado a descalificar a la Guardia Civil, se ha amenazado con expedientar a dos fiscales de la Audiencia Nacional, ha quedado en entredicho la independencia de la Fiscal\u00eda General del Estado, hay dudas sobre la injerencia del ministro de Justicia, se han improvisado semblanzas denigratorias y laudatorias sin en el m\u00ednimo rigor del presidente regional, el Consejo de la Transparencia y la propia ley han quedado gravemente tocados, se ha relativizado el principio de legalidad en funci\u00f3n de si hay manos o patas, las redes sociales se han convertido en un lodazal propicio para la guerra sucia, se ha evidenciado que b\u00e1sicamente hay dos tipos de justiciables (los aforados y el resto), Aena y Garc\u00eda Page han aprovechado la crisis murciana para tapar exigencias u otros asuntos, crece la desconfianza exterior derivada de nuestra inestabilidad pol\u00edtica&#8230; \u00bfQu\u00e9 ser\u00e1 lo pr\u00f3ximo? M\u00e1s vale que todo esto acabe pronto.<\/p>\n","protected":false},"excerpt":{"rendered":"<p>En cuesti\u00f3n de semanas, no de meses, la ciudadan\u00eda debe tener despejado el horizonte pol\u00edtico de los nubarrones que han venido a entorpecer la recuperaci\u00f3n econ\u00f3mica. Esta crisis empieza a dejar demasiados pelos en la gatera El presidente Pedro Antonio S\u00e1nchez acude ma\u00f1ana en calidad de investigado al Tribunal Superior de Justicia para responder ante [&hellip;]<\/p>\n","protected":false},"author":11,"featured_media":0,"comment_status":"closed","ping_status":"open","sticky":false,"template":"","format":"standard","meta":[],"categories":[3],"tags":[],"_links":{"self":[{"href":"https:\/\/blogs.laverdad.es\/primeraplana\/wp-json\/wp\/v2\/posts\/1046"}],"collection":[{"href":"https:\/\/blogs.laverdad.es\/primeraplana\/wp-json\/wp\/v2\/posts"}],"about":[{"href":"https:\/\/blogs.laverdad.es\/primeraplana\/wp-json\/wp\/v2\/types\/post"}],"author":[{"embeddable":true,"href":"https:\/\/blogs.laverdad.es\/primeraplana\/wp-json\/wp\/v2\/users\/11"}],"replies":[{"embeddable":true,"href":"https:\/\/blogs.laverdad.es\/primeraplana\/wp-json\/wp\/v2\/comments?post=1046"}],"version-history":[{"count":0,"href":"https:\/\/blogs.laverdad.es\/primeraplana\/wp-json\/wp\/v2\/posts\/1046\/revisions"}],"wp:attachment":[{"href":"https:\/\/blogs.laverdad.es\/primeraplana\/wp-json\/wp\/v2\/media?parent=1046"}],"wp:term":[{"taxonomy":"category","embeddable":true,"href":"https:\/\/blogs.laverdad.es\/primeraplana\/wp-json\/wp\/v2\/categories?post=1046"},{"taxonomy":"post_tag","embeddable":true,"href":"https:\/\/blogs.laverdad.es\/primeraplana\/wp-json\/wp\/v2\/tags?post=1046"}],"curies":[{"name":"wp","href":"https:\/\/api.w.org\/{rel}","templated":true}]}}