{"id":1050,"date":"2017-03-18T01:03:07","date_gmt":"2017-03-18T00:03:07","guid":{"rendered":"http:\/\/blogs.laverdad.es\/primeraplana\/?p=1050"},"modified":"2017-03-18T01:03:07","modified_gmt":"2017-03-18T00:03:07","slug":"los-otros-de-la-politica","status":"publish","type":"post","link":"https:\/\/blogs.laverdad.es\/primeraplana\/2017\/03\/18\/los-otros-de-la-politica\/","title":{"rendered":"&#039;Los otros&#039; de la pol\u00edtica"},"content":{"rendered":"<p>La coyuntura pol\u00edtica regional me recuerda un episodio que viv\u00ed  en una redacci\u00f3n de peri\u00f3dico donde, como dec\u00eda el colega Enric Gonz\u00e1lez, cada mesa era un Vietnam. Se barruntaba una revoluci\u00f3n en la c\u00fapula, pero los afectados lo desconoc\u00edan o lo disimulaban bien. Los redactores que intu\u00edan el relevo se refer\u00edan a los defenestrados en ciernes como \u2018Los Otros\u2019: est\u00e1n muertos pero no lo saben, dec\u00edan, como Nicole Kidman y los dos cr\u00edos de la pel\u00edcula de Amen\u00e1bar. <\/p>\n<p>En la arena pol\u00edtica murciana se presagian luctuosos acontecimientos en las pr\u00f3ximas semanas o meses. La crisis abierta por la investigaci\u00f3n al presidente, y las que discurren en paralelo, se cobrar\u00e1n cabezas. \u00bfCu\u00e1ntas y cu\u00e1les? \u2018Los Otros\u2019 de la pol\u00edtica regional pueden ser uno, dos, tres e incluso cuatro. Es tan posible que los cuatro l\u00edderes sigan en sus puestos a final de a\u00f1o como que no quede ninguno. Pedro Antonio S\u00e1nchez saldr\u00e1 hoy elegido presidente del PP con el apoyo un\u00e1nime del partido, pero su destino est\u00e1 ligado a una resoluci\u00f3n del TSJ. Desde ayer se sabe que P\u00e9rez-Templado no resolver\u00e1 antes del 27M, lo que traslada toda la presi\u00f3n a Miguel S\u00e1nchez. Al l\u00edder regional de Ciudadanos le tiemblan las piernas y cualquier d\u00eda, visto que PAS no afloja, nos sorprende incluso con su dimisi\u00f3n. Si finalmente hay moci\u00f3n de censura y convocatoria inmediata de elecciones tampoco est\u00e1 claro que S\u00e1nchez fuera el candidato de C\u2019s. Para Tovar, el \u00faltimo tranv\u00eda es ocupar San Esteban por la v\u00eda de la moci\u00f3n de censura. Si falla estar\u00eda listo de papeles. La gestora del PSOE no quiere elecciones anticipadas antes del congreso regional, donde las alcaldesas del PSOE quieren dar un golpe de tim\u00f3n en busca de otro liderazgo.<\/p>\n<p>Y los \u2018pablistas\u2019 de Podemos ya han comenzado a moverle la silla a Urralburu. Si no prospera la moci\u00f3n de censura, sus adversarios encontrar\u00e1n otro motivo para precipitar su ca\u00edda con la ayuda de Madrid. Ya ven, \u2018Los Otros\u2019 pueden ser todos.<\/p>\n","protected":false},"excerpt":{"rendered":"<p>La coyuntura pol\u00edtica regional me recuerda un episodio que viv\u00ed en una redacci\u00f3n de peri\u00f3dico donde, como dec\u00eda el colega Enric Gonz\u00e1lez, cada mesa era un Vietnam. Se barruntaba una revoluci\u00f3n en la c\u00fapula, pero los afectados lo desconoc\u00edan o lo disimulaban bien. Los redactores que intu\u00edan el relevo se refer\u00edan a los defenestrados en [&hellip;]<\/p>\n","protected":false},"author":11,"featured_media":0,"comment_status":"closed","ping_status":"open","sticky":false,"template":"","format":"standard","meta":[],"categories":[3],"tags":[],"_links":{"self":[{"href":"https:\/\/blogs.laverdad.es\/primeraplana\/wp-json\/wp\/v2\/posts\/1050"}],"collection":[{"href":"https:\/\/blogs.laverdad.es\/primeraplana\/wp-json\/wp\/v2\/posts"}],"about":[{"href":"https:\/\/blogs.laverdad.es\/primeraplana\/wp-json\/wp\/v2\/types\/post"}],"author":[{"embeddable":true,"href":"https:\/\/blogs.laverdad.es\/primeraplana\/wp-json\/wp\/v2\/users\/11"}],"replies":[{"embeddable":true,"href":"https:\/\/blogs.laverdad.es\/primeraplana\/wp-json\/wp\/v2\/comments?post=1050"}],"version-history":[{"count":0,"href":"https:\/\/blogs.laverdad.es\/primeraplana\/wp-json\/wp\/v2\/posts\/1050\/revisions"}],"wp:attachment":[{"href":"https:\/\/blogs.laverdad.es\/primeraplana\/wp-json\/wp\/v2\/media?parent=1050"}],"wp:term":[{"taxonomy":"category","embeddable":true,"href":"https:\/\/blogs.laverdad.es\/primeraplana\/wp-json\/wp\/v2\/categories?post=1050"},{"taxonomy":"post_tag","embeddable":true,"href":"https:\/\/blogs.laverdad.es\/primeraplana\/wp-json\/wp\/v2\/tags?post=1050"}],"curies":[{"name":"wp","href":"https:\/\/api.w.org\/{rel}","templated":true}]}}