{"id":1075,"date":"2017-05-14T07:38:03","date_gmt":"2017-05-14T05:38:03","guid":{"rendered":"http:\/\/blogs.laverdad.es\/primeraplana\/?p=1075"},"modified":"2017-05-14T07:38:03","modified_gmt":"2017-05-14T05:38:03","slug":"sentido-comun-sentido-moral","status":"publish","type":"post","link":"https:\/\/blogs.laverdad.es\/primeraplana\/2017\/05\/14\/sentido-comun-sentido-moral\/","title":{"rendered":"Sentido com\u00fan, sentido moral"},"content":{"rendered":"<p>V\u00edctor P\u00e9rez-D\u00edaz, premio nacional de Sociolog\u00eda, detalla en su \u00faltimo trabajo para Funcas, \u2018La voz de la sociedad ante la crisis\u2019, que el 77,2% de los espa\u00f1oles prefieren pol\u00edticos con \u00absentido moral y sentido com\u00fan\u00bb frente a un 18,6% que en las encuestas se inclina por dirigentes que tengan una \u00abgran visi\u00f3n y energ\u00eda para impulsarla\u00bb. Nada hay m\u00e1s sensato que un gobierno llegue a acuerdos para sacar adelante las cuentas p\u00fablicas. Es su primera obligaci\u00f3n dado que los presupuestos afectan de manera decisiva a la vida econ\u00f3mica y social de todo un pa\u00eds, una regi\u00f3n o un municipio. Sin ellos, la administraci\u00f3n p\u00fablica entra en una perniciosa par\u00e1lisis que termina por afectar negativamente a cada uno de los ciudadanos en m\u00faltiples cuestiones.<\/p>\n<p>      Hace algo m\u00e1s de una semana, el Gobierno de Rajoy cerr\u00f3 un pacto con el PNV que garantiz\u00f3 el apoyo de ese partido para los Presupuestos del Estado. Hasta ah\u00ed todo parece muy sensato. Sin embargo, la percepci\u00f3n cambia y se torna desmoralizante cuando se observa el precio desorbitante pagado por ese respaldo pol\u00edtico, una vez m\u00e1s, a los nacionalistas vascos. En su momento m\u00e1s delicado por el mef\u00edtico torrente de presuntos casos de corrupci\u00f3n, Rajoy ofreci\u00f3 a Urkullu m\u00e1s de 4.000 millones a cambio de sus votos en el Congreso. Unos 1.400 millones en concepto del Cupo (el dinero que el Pa\u00eds Vasco paga al Estado por la prestaci\u00f3n de determinadas competencias) y 3.300 millones para completar la Y ferroviaria de alta velocidad, incluyendo el soterramiento del AVE en Bilbao y Vitoria, adem\u00e1s de bonificaciones en la tarifa el\u00e9ctrica industrial y subvenciones para distintas iniciativas culturales. Vista la elevada factura es muy dif\u00edcil no preguntarse d\u00f3nde est\u00e1 el sentido moral de un acuerdo que salva las cuentas p\u00fablicas, pero que a la vez constituye un salvavidas pol\u00edtico para el propio Rajoy, aumenta la brecha de financiaci\u00f3n per capita con comunidades como la nuestra e introduce criterios pol\u00edticos de dif\u00edcil justificaci\u00f3n en la antesala de la negociaci\u00f3n del nuevo modelo de financiaci\u00f3n auton\u00f3mica. El presidente del Gobierno demostr\u00f3 tal generosidad que sorprendi\u00f3 incluso en el propio Pa\u00eds Vasco, donde los sectores m\u00e1s moderados siempre aspiraron a fijar la cuant\u00eda del Cupo con criterios t\u00e9cnicos para evitar arbitrariedades y tambi\u00e9n de cara a la Uni\u00f3n Europea, que no ve con buenos ojos esta privilegiada excepcionalidad fiscal y financiera. <\/p>\n<p>     Rajoy est\u00e1 en problemas y pacta entregar 4.000 millones al Pa\u00eds Vasco para salvar los Presupuestos y a la vez su propio cuello pol\u00edtico. Las cien mil personas que viven del Trasvase se enfrentan a una coyuntura dram\u00e1tica por la situaci\u00f3n de la cabecera del Tajo y obtienen, como soluci\u00f3n de urgencia, una enmienda para abaratar con 4 millones el precio del agua desalada durante este a\u00f1o. La desproporci\u00f3n de trato es tan evidente que a nadie le deber\u00eda extra\u00f1ar que los agricultores protesten en las calles para reclamar agua o que los vecinos de Murcia hagan lo propio para exigir la llegada del AVE soterrado a la ciudad en el menor plazo posible. Es dif\u00edcil resta\u00f1ar la confianza en los gobernantes cuando las desigualdades, lejos de reducirse, se agigantan. En las encuestas manejadas por V\u00edctor P\u00e9rez-D\u00edaz, el 41,6% de los espa\u00f1oles opinan que la capacidad de los gobiernos (central y auton\u00f3micos) para resolver los problemas del pa\u00eds seguir\u00e1 igual de aqu\u00ed a cinco a\u00f1os. Y un 59% se\u00f1ala que \u00abmuchos pol\u00edticos de todas las tendencias suelen descalificar a los adversarios para desviar la atenci\u00f3n del hecho de que no son capaces de resolver\u00bb esas grandes cuestiones que afectan a Espa\u00f1a.<\/p>\n<p>Al presidente del Gobierno se le reconoce como una de sus mayores virtudes que gobierna con sentido com\u00fan, pero es d\u00edficil encontrar el sentido moral en muchas de sus decisiones, ya no solo en aquellas relativas a la gesti\u00f3n pol\u00edtica de los presuntos casos de corrupci\u00f3n que afectan a su partido. Si Rajoy tampoco se caracteriza por su gran energ\u00eda para encarar problemas enquistados, como el del agua, que requiere de decisiones valientes y estructurales m\u00e1s que de calderilla para salir del paso, es dif\u00edcil que no siga sufriendo un paulatino deterioro en respaldo popular, como mostr\u00f3 el \u00faltimo bar\u00f3metro electoral del CIS. Solo la falta de una alternativa s\u00f3lida, con un PSOE completamente abierto en canal, le permite navegar con cierta tranquilidad por las aguas de la pol\u00edtica nacional, tan necesitada como est\u00e1 de un impulso para llevar a cabo m\u00faltiples reformas de calado.<\/p>\n","protected":false},"excerpt":{"rendered":"<p>V\u00edctor P\u00e9rez-D\u00edaz, premio nacional de Sociolog\u00eda, detalla en su \u00faltimo trabajo para Funcas, \u2018La voz de la sociedad ante la crisis\u2019, que el 77,2% de los espa\u00f1oles prefieren pol\u00edticos con \u00absentido moral y sentido com\u00fan\u00bb frente a un 18,6% que en las encuestas se inclina por dirigentes que tengan una \u00abgran visi\u00f3n y energ\u00eda para [&hellip;]<\/p>\n","protected":false},"author":11,"featured_media":0,"comment_status":"closed","ping_status":"open","sticky":false,"template":"","format":"standard","meta":[],"categories":[3],"tags":[],"_links":{"self":[{"href":"https:\/\/blogs.laverdad.es\/primeraplana\/wp-json\/wp\/v2\/posts\/1075"}],"collection":[{"href":"https:\/\/blogs.laverdad.es\/primeraplana\/wp-json\/wp\/v2\/posts"}],"about":[{"href":"https:\/\/blogs.laverdad.es\/primeraplana\/wp-json\/wp\/v2\/types\/post"}],"author":[{"embeddable":true,"href":"https:\/\/blogs.laverdad.es\/primeraplana\/wp-json\/wp\/v2\/users\/11"}],"replies":[{"embeddable":true,"href":"https:\/\/blogs.laverdad.es\/primeraplana\/wp-json\/wp\/v2\/comments?post=1075"}],"version-history":[{"count":0,"href":"https:\/\/blogs.laverdad.es\/primeraplana\/wp-json\/wp\/v2\/posts\/1075\/revisions"}],"wp:attachment":[{"href":"https:\/\/blogs.laverdad.es\/primeraplana\/wp-json\/wp\/v2\/media?parent=1075"}],"wp:term":[{"taxonomy":"category","embeddable":true,"href":"https:\/\/blogs.laverdad.es\/primeraplana\/wp-json\/wp\/v2\/categories?post=1075"},{"taxonomy":"post_tag","embeddable":true,"href":"https:\/\/blogs.laverdad.es\/primeraplana\/wp-json\/wp\/v2\/tags?post=1075"}],"curies":[{"name":"wp","href":"https:\/\/api.w.org\/{rel}","templated":true}]}}