{"id":1077,"date":"2017-05-21T07:36:17","date_gmt":"2017-05-21T05:36:17","guid":{"rendered":"http:\/\/blogs.laverdad.es\/primeraplana\/?p=1076"},"modified":"2017-05-21T07:36:17","modified_gmt":"2017-05-21T05:36:17","slug":"circulos-de-confianza","status":"publish","type":"post","link":"https:\/\/blogs.laverdad.es\/primeraplana\/2017\/05\/21\/circulos-de-confianza\/","title":{"rendered":"C\u00edrculos de confianza"},"content":{"rendered":"<p><strong>S\u00e1nchez se fotografi\u00f3 en abril de 2016 con 22 directores y secretarios generales, la mitad de sus altos cargos. Todos, excepto uno, siguen con Miras. Ambos han reclutado otros 21 rostros para encarar las elecciones regionales de 2019<\/strong><\/p>\n<div id=\"attachment_1077\" style=\"width: 1034px\" class=\"wp-caption aligncenter\"><a href=\"\/primeraplana\/wp-content\/uploads\/sites\/11\/2017\/05\/VF10BBZ1.jpg\"><img aria-describedby=\"caption-attachment-1077\" loading=\"lazy\" class=\"size-large wp-image-1077\" title=\"\" src=\"\/primeraplana\/wp-content\/uploads\/sites\/11\/2017\/05\/VF10BBZ1.jpg\" alt=\"\" width=\"1024\" height=\"453\" \/><\/a><p id=\"caption-attachment-1077\" class=\"wp-caption-text\">Guillermo Carri\u00f3n \/ AGM<\/p><\/div>\n<p>Yuri Gagarin fue ascendido de teniente a comandante minutos antes de entrar en la atm\u00f3sfera. Las autoridades sovi\u00e9ticas cre\u00edan que el primer hombre enviado al espacio ten\u00eda m\u00e1s posibilidades de morir en el descenso que de sobrevivir. Y si el h\u00e9roe de la cosmon\u00e1utica iba a volar en pedazos, pensaron que lo justo era que lo hiciera con los m\u00e1ximos honores. Para evitar estrellarse en las urnas dentro de 25 meses, un suspiro temporal en t\u00e9rminos pol\u00edticos, el PP de Pedro Antonio S\u00e1nchez y Fernando L\u00f3pez Miras ha culminado una semana de descartes, ascensos y nombramientos, que se han hecho coincidir con una reactivaci\u00f3n interna del partido. Es poco tiempo para que la nueva tripulaci\u00f3n garantice un final de trayecto exitoso, pero si S\u00e1nchez hubiera podido hacer una remodelaci\u00f3n profunda del Ejecutivo regional, un asunto para el que no ten\u00eda fecha pero no descartaba una vez llegado al ecuador de la legislatura, se habr\u00eda parecido mucho a la de L\u00f3pez Miras, salvo en lo m\u00e1s alto de la c\u00faspide, claro est\u00e1. Y es que S\u00e1nchez y Miras han gestado al alim\u00f3n todos los cambios y nombres del organigrama, dando el visto bueno a cada alto cargo, sin la aparente intervenci\u00f3n de Valc\u00e1rcel. Un proceso acometido con m\u00e1s hermetismo del habitual, en conversaciones bilaterales con cada consejero, para reclutar a la tropa de \u00e9lite, evitando filtraciones sobre qui\u00e9nes dijeron \u2018s\u00ed\u2019 y dijeron \u2018no\u2019 a la oferta. <\/p>\n<p>    Miras, sin lugar a dudas, no ha hecho su equipo solo. Como tampoco lo hicieron Garre ni el propio S\u00e1nchez. Ambos tuvieron que pactar con el presidente de su partido. La diferencia es que, una vez colocados determinados dirigentes con los que ten\u00eda compromisos, Valc\u00e1rcel dejaba margen de maniobra. Pero entonces no estaba en juego el poder, como suceder\u00e1 en 2019. En las actuales circunstancias caben pocas canong\u00edas. Solo hay sitio en los puestos clave para profesionales o militantes con vitola de eficaces y afines a las figuras de PAS y Miras. La imagen que ilustra esta p\u00e1gina, del 9 de abril de 2016, es reveladora. El expresidente regional se reuni\u00f3 con veintid\u00f3s directores generales, la mayor\u00eda de ellos de perfil m\u00e1s t\u00e9cnico y profesional que de adhesi\u00f3n ideol\u00f3gica y cuota de partido. Eran pr\u00e1cticamente la mitad de los altos cargos del segundo escal\u00f3n de su gobierno y desde San Esteban se les se\u00f1alaba como los \u2018capitanes\u2019 con m\u00e1s futuro en la Administraci\u00f3n del PP. As\u00ed ha sido. Los que no aparecen en la foto con S\u00e1nchez, tampoco aparecer\u00e1n en ninguna con L\u00f3pez Miras. Pr\u00e1cticamente todos los que no fueron invitados a esa cita han sido sustituidos por veintiuna nuevas caras. Por el contrario, los veintid\u00f3s directores generales presentes en esa reuni\u00f3n con PAS permanecen con Miras. Siguen en sus puestos, cambian de destino o ascienden, como es el caso del que fuera jefe de gabinete de S\u00e1nchez y exdirector del Info, el nuevo consejero de Turismo, Medio Ambiente y Cultura, Javier Celdr\u00e1n. Solo tres de los veintid\u00f3s \u2018elegidos\u2019 para la cita han quedado fuera, dos de ellos porque sus puestos son ahora subdirecciones generales.<\/p>\n<p>    S\u00e1nchez tiene un rasgo psicol\u00f3gico muy acusado que es \u00fatil para entender estos cambios. Como todos los pol\u00edticos, quiere rodearse de dirigentes de la m\u00e1xima confianza. Acentuado por su situaci\u00f3n judicial, en su caso existe un plus: desconf\u00eda de casi todo. Y cada vez m\u00e1s. Es m\u00e1s desconfiado a\u00fan que L\u00f3pez Miras y Rivera, el \u2018tercer hombre\u2019, y casi tanto como Robert de Niro en la pel\u00edcula \u2018Los padres de ella\u2019, donde le explica a su futuro yerno, Ben Stiller, en qu\u00e9 consiste el \u2018circulo de confianza\u2019 familiar. Estar dentro significa poder, estar fuera es ser ignorado. Los \u2018c\u00edrculos de confianza\u2019 de PAS en la familia popular son conc\u00e9ntricos. Los altos cargos de la foto formaban parte del anillo exterior. L\u00f3pez Miras es en quien m\u00e1s conf\u00eda y por eso le design\u00f3 presidente, en previsi\u00f3n de su posible vuelta en 2019, si sale vivo pol\u00edticamente de los casos \u2018Auditorio\u2019 y \u2018P\u00fanica\u2019. Tambi\u00e9n conf\u00eda en Pedro Rivera, Juan Hern\u00e1ndez, Noelia Arroyo&#8230; y dem\u00e1s miembros del Gobierno, aunque var\u00eda la intensidad. De ah\u00ed que est\u00e9n situados en diferentes \u2018c\u00edrculos de confianza\u2019 dentro del Gobierno. Las posiciones no son inamovibles. Cambios, como el de Mart\u00ednez-Cach\u00e1, obedecen a esa din\u00e1mica. En el interno del Ejecutivo cada cual va percibiendo esas posiciones orbitales que ahora ocupa en relaci\u00f3n al \u2018rey sol\u2019 y su \u2018gran delf\u00edn\u2019.<\/p>\n<p>Sin adherencias valcarcistas, y con la incorporaci\u00f3n de otros veinti\u00fan cargos (es sintom\u00e1tica la llegada de concejales de alcaldes pr\u00f3ximos a PAS), el Ejecutivo regional ya puede arrancar este lunes con la vista puesta en la principal preocupaci\u00f3n de S\u00e1nchez y Miras: las elecciones de 2019. Las m\u00e1s complicadas para el PP desde 1995. Sobre todo con los casos \u2018Auditorio\u2019 y \u2018P\u00fanica\u2019 en los tribunales, algunos otros del pasado que est\u00e1n por cerrarse y otros por eclosionar (la desaladora de Escombreras), la reforma electoral y el riesgo de que Alberto Garre acabe dando el paso y lidere un partido de corte regionalista que ara\u00f1e los suficientes votos para desequilibrar la balanza. Ah\u00ed est\u00e1 Miguel \u00c1ngel Revilla, que nunca ha ganado las elecciones en Cantabria y ya ha sido tres veces presidente auton\u00f3mico. Miras se ocupar\u00e1 de la gesti\u00f3n y S\u00e1nchez de fijar el rumbo pol\u00edtico, poniendo las pilas al partido. Ayer se acabaron los s\u00e1bados de asueto en el PP regional. \u00a1Poyejali! (en marcha), grit\u00f3 Gagarin al despegar. El del PP tambi\u00e9n puede ser un arriesgado viaje hacia lo desconocido. <\/p>\n","protected":false},"excerpt":{"rendered":"<p>S\u00e1nchez se fotografi\u00f3 en abril de 2016 con 22 directores y secretarios generales, la mitad de sus altos cargos. Todos, excepto uno, siguen con Miras. Ambos han reclutado otros 21 rostros para encarar las elecciones regionales de 2019 Yuri Gagarin fue ascendido de teniente a comandante minutos antes de entrar en la atm\u00f3sfera. Las autoridades [&hellip;]<\/p>\n","protected":false},"author":11,"featured_media":0,"comment_status":"closed","ping_status":"open","sticky":false,"template":"","format":"standard","meta":[],"categories":[3],"tags":[],"_links":{"self":[{"href":"https:\/\/blogs.laverdad.es\/primeraplana\/wp-json\/wp\/v2\/posts\/1077"}],"collection":[{"href":"https:\/\/blogs.laverdad.es\/primeraplana\/wp-json\/wp\/v2\/posts"}],"about":[{"href":"https:\/\/blogs.laverdad.es\/primeraplana\/wp-json\/wp\/v2\/types\/post"}],"author":[{"embeddable":true,"href":"https:\/\/blogs.laverdad.es\/primeraplana\/wp-json\/wp\/v2\/users\/11"}],"replies":[{"embeddable":true,"href":"https:\/\/blogs.laverdad.es\/primeraplana\/wp-json\/wp\/v2\/comments?post=1077"}],"version-history":[{"count":0,"href":"https:\/\/blogs.laverdad.es\/primeraplana\/wp-json\/wp\/v2\/posts\/1077\/revisions"}],"wp:attachment":[{"href":"https:\/\/blogs.laverdad.es\/primeraplana\/wp-json\/wp\/v2\/media?parent=1077"}],"wp:term":[{"taxonomy":"category","embeddable":true,"href":"https:\/\/blogs.laverdad.es\/primeraplana\/wp-json\/wp\/v2\/categories?post=1077"},{"taxonomy":"post_tag","embeddable":true,"href":"https:\/\/blogs.laverdad.es\/primeraplana\/wp-json\/wp\/v2\/tags?post=1077"}],"curies":[{"name":"wp","href":"https:\/\/api.w.org\/{rel}","templated":true}]}}