{"id":525,"date":"2014-02-09T09:29:47","date_gmt":"2014-02-09T08:29:47","guid":{"rendered":"http:\/\/blogs.laverdad.es\/primeraplana\/?p=525"},"modified":"2014-02-09T09:29:47","modified_gmt":"2014-02-09T08:29:47","slug":"avispero-autonomico","status":"publish","type":"post","link":"https:\/\/blogs.laverdad.es\/primeraplana\/2014\/02\/09\/avispero-autonomico\/","title":{"rendered":"Avispero auton\u00f3mico"},"content":{"rendered":"<p>La cuenta atr\u00e1s para la revisi\u00f3n del modelo de financiaci\u00f3n auton\u00f3mica ha comenzado y la Regi\u00f3n de Murcia vuelve a situarse en una encrucijada crucial para garantizar la prestaci\u00f3n de los servicios p\u00fablicos y el bienestar de sus ciudadanos. Como la \u00faltima vez, cuando gobernaba el tripartito catal\u00e1n, se produce en un momento pol\u00edtico envenenado por el desaf\u00edo independentista del Ejecutivo de Artur Mas y el consiguiente riesgo de que este nuevo \u00f3rdago eternice el desigual reparto territorial de la financiaci\u00f3n por habitante, que perjudica claramente a la Regi\u00f3n, tanto con el modelo aprobado por Aznar como con el de Zapatero. El desaf\u00edo no ha sido ni ser\u00e1 sencillo. En lo pol\u00edtico porque en este avispero auton\u00f3mico cada regi\u00f3n querr\u00e1 imponer criterios de ponderaci\u00f3n propicios, desde el incremento de la poblaci\u00f3n o su dispersi\u00f3n al diferente peso en la aportaci\u00f3n al PIB nacional. En lo metodol\u00f3gico ser\u00e1 tambi\u00e9n complejo porque el coste real de la prestaci\u00f3n de servicios p\u00fablicos parece un misterio insondable y la contabilidad de las comunidades carece de toda la transparencia necesaria. La posici\u00f3n de partida del frente com\u00fan formado por la Regi\u00f3n de Murcia, la Comunidad Valenciana y Baleares es acertada porque, si efectivamente la financiaci\u00f3n va dirigida a las personas y no a los territorios, el criterio de poblaci\u00f3n debe ser fundamental en el reparto de fondos. Pero eso no deber\u00eda ser el \u00fanico argumento a poner sobre la mesa. Cualquier soluci\u00f3n parcialmente beneficiosa para unos territorios, en detrimento de otros, solo perpetuar\u00e1 el problema y abocar\u00e1 a otra revisi\u00f3n del modelo en pocos a\u00f1os. El sistema de financiaci\u00f3n auton\u00f3mica solo perdurar\u00e1 en el tiempo si es transparente, sencillo, equitativo, solidario, lo m\u00e1s consensuado posible y eficaz para atajar el problema de fondo, lo cual ser\u00e1 dif\u00edcil si no se incluyen factores relevantes que hasta ahora no se tuvieron en cuenta, como el nivel de renta de los ciudadanos en cada territorio. Montoro se equivocar\u00eda si ahora desanda todo el camino, especialmente en lo referido a la corresponsabilidad fiscal de las comunidades, impulsado por el modelo vigente, aunque a\u00fan de manera insuficiente dado que la gran responsabilidad recaudatoria sigue en manos del Estado. Si no se avanza en esa direcci\u00f3n seguiremos viendo c\u00f3mo los gobiernos auton\u00f3micos de todo signo pol\u00edtico se abonan a la reclamaci\u00f3n permanente de m\u00e1s fondos a la Administraci\u00f3n central y convierten este discurso en un burladero con el que protegerse del coste derivado de sus pol\u00edticas de gasto cuando las cuentas fallan y se adoptan ajustes impopulares. Recae en el Ministerio de Hacienda la responsabilidad de armar este nuevo modelo, pero lo inteligente por parte de comunidades, como la murciana, la valenciana o la andaluza, ser\u00eda presentar las bases de una propuesta integral para todos y no solo una justa reivindicaci\u00f3n puntual de corto alcance.<\/p>\n","protected":false},"excerpt":{"rendered":"<p>La cuenta atr\u00e1s para la revisi\u00f3n del modelo de financiaci\u00f3n auton\u00f3mica ha comenzado y la Regi\u00f3n de Murcia vuelve a situarse en una encrucijada crucial para garantizar la prestaci\u00f3n de los servicios p\u00fablicos y el bienestar de sus ciudadanos. Como la \u00faltima vez, cuando gobernaba el tripartito catal\u00e1n, se produce en un momento pol\u00edtico envenenado [&hellip;]<\/p>\n","protected":false},"author":11,"featured_media":0,"comment_status":"closed","ping_status":"open","sticky":false,"template":"","format":"standard","meta":[],"categories":[36],"tags":[],"_links":{"self":[{"href":"https:\/\/blogs.laverdad.es\/primeraplana\/wp-json\/wp\/v2\/posts\/525"}],"collection":[{"href":"https:\/\/blogs.laverdad.es\/primeraplana\/wp-json\/wp\/v2\/posts"}],"about":[{"href":"https:\/\/blogs.laverdad.es\/primeraplana\/wp-json\/wp\/v2\/types\/post"}],"author":[{"embeddable":true,"href":"https:\/\/blogs.laverdad.es\/primeraplana\/wp-json\/wp\/v2\/users\/11"}],"replies":[{"embeddable":true,"href":"https:\/\/blogs.laverdad.es\/primeraplana\/wp-json\/wp\/v2\/comments?post=525"}],"version-history":[{"count":0,"href":"https:\/\/blogs.laverdad.es\/primeraplana\/wp-json\/wp\/v2\/posts\/525\/revisions"}],"wp:attachment":[{"href":"https:\/\/blogs.laverdad.es\/primeraplana\/wp-json\/wp\/v2\/media?parent=525"}],"wp:term":[{"taxonomy":"category","embeddable":true,"href":"https:\/\/blogs.laverdad.es\/primeraplana\/wp-json\/wp\/v2\/categories?post=525"},{"taxonomy":"post_tag","embeddable":true,"href":"https:\/\/blogs.laverdad.es\/primeraplana\/wp-json\/wp\/v2\/tags?post=525"}],"curies":[{"name":"wp","href":"https:\/\/api.w.org\/{rel}","templated":true}]}}