{"id":531,"date":"2014-02-23T09:37:31","date_gmt":"2014-02-23T08:37:31","guid":{"rendered":"http:\/\/blogs.laverdad.es\/primeraplana\/?p=531"},"modified":"2014-02-23T09:37:31","modified_gmt":"2014-02-23T08:37:31","slug":"rendir-cuentas","status":"publish","type":"post","link":"https:\/\/blogs.laverdad.es\/primeraplana\/2014\/02\/23\/rendir-cuentas\/","title":{"rendered":"Rendir cuentas"},"content":{"rendered":"<p>Hubiera preferido ver al presidente Rajoy saliendo de la Convenci\u00f3n del PP de Valladolid con un ejemplar de &#8216;La Democracia en Am\u00e9rica&#8217;, de Tocqueville, en lugar del &#8216;Marca&#8217; bajo el brazo, pero me reconforta, independientemente de lo que diga, verle en la obligaci\u00f3n de responder cada semana en el Congreso a las preguntas de control de la oposici\u00f3n, a esa a la que injustificadamente mand\u00f3 callar. Me hubiera gustado no ver a Zapatero deambulando enmudecido por las cumbres de la UE donde le cantaban las cuarenta por su fr\u00edvola negaci\u00f3n de la crisis, pero me sosegaba el hecho de que en el Parlamento tuviera que responder de sus actos ante la oposici\u00f3n, a esa a la que calificaba injustificadamente de antipatriota. El equilibrio de poderes es un pilar de la democracia y corresponde a las Cortes la obligaci\u00f3n constitucional de controlar la acci\u00f3n de gobierno. De ah\u00ed que la rendici\u00f3n de cuentas no queda al albur de los deseos o conveniencias de cada gobernante, sino que est\u00e1 fijada en los reglamentos de las dos c\u00e1maras nacionales y de las asambleas regionales. Por en\u00e9sima vez desde 1982, todos los grupos del Congreso de los Diputados acaban de dar los primeros pasos para reformar el Reglamento de la C\u00e1mara a fin de aumentar su transparencia, participaci\u00f3n ciudadana y control al Ejecutivo. Puede que esta vez fructifiquen los intentos. Los diputados son conocedores del peligroso desafecto ciudadano y saben que la \u00fanica v\u00eda para mejorar la calidad de nuestra democracia pasa por regenerar la vida parlamentaria. La Asamblea regional deber\u00eda seguir los mismos pasos si quiere revitalizarse y ocupar la centralidad del debate pol\u00edtico, lo que no sucede lamentablemente por un c\u00famulo de factores que vienen de lejos. Habr\u00eda sido m\u00e1s \u00fatil no embarcarse en una reforma del Estatuto, sobre la que no exist\u00eda ninguna demanda ciudadana, y apostar por una revisi\u00f3n del Reglamento, que en su redacci\u00f3n actual es poco exigente con la figura del presidente y de su equipo a la hora de dar explicaciones en sede parlamentaria. Las comparecencias de los miembros del Gobierno pueden desgastar o afianzar pol\u00edticamente en ese cruce de interpelaciones con la oposici\u00f3n, pero sin duda fortalecen una democracia que hoy est\u00e1 debilitada y necesitada de credibilidad. Transitamos por etapa preelectoral y la dial\u00e9ctica de solicitar comparecencias y negarlas obedece a intereses partidistas que son leg\u00edtimos. Lo triste es que hace un a\u00f1o, y hace dos y tres, asist\u00edamos a la misma aton\u00eda parlamentaria. Es muy poco estimulante observar c\u00f3mo razones de oportunidad pol\u00edtica se sobreponen siempre a los intereses generales. Las mayor\u00edas se convierten en indeseables rodillos cuando en lugar de propiciar cambios sirven para mantener el statu quo, aun a riesgo de que la Asamblea pierda su funci\u00f3n de vigilante del Ejecutivo. Aqu\u00ed no cabe el argumento de la crisis y la falta de dinero. Es una cuesti\u00f3n de voluntad pol\u00edtica. \u00bfLa hay?<\/p>\n","protected":false},"excerpt":{"rendered":"<p>Hubiera preferido ver al presidente Rajoy saliendo de la Convenci\u00f3n del PP de Valladolid con un ejemplar de &#8216;La Democracia en Am\u00e9rica&#8217;, de Tocqueville, en lugar del &#8216;Marca&#8217; bajo el brazo, pero me reconforta, independientemente de lo que diga, verle en la obligaci\u00f3n de responder cada semana en el Congreso a las preguntas de control [&hellip;]<\/p>\n","protected":false},"author":11,"featured_media":0,"comment_status":"closed","ping_status":"open","sticky":false,"template":"","format":"standard","meta":[],"categories":[36],"tags":[],"_links":{"self":[{"href":"https:\/\/blogs.laverdad.es\/primeraplana\/wp-json\/wp\/v2\/posts\/531"}],"collection":[{"href":"https:\/\/blogs.laverdad.es\/primeraplana\/wp-json\/wp\/v2\/posts"}],"about":[{"href":"https:\/\/blogs.laverdad.es\/primeraplana\/wp-json\/wp\/v2\/types\/post"}],"author":[{"embeddable":true,"href":"https:\/\/blogs.laverdad.es\/primeraplana\/wp-json\/wp\/v2\/users\/11"}],"replies":[{"embeddable":true,"href":"https:\/\/blogs.laverdad.es\/primeraplana\/wp-json\/wp\/v2\/comments?post=531"}],"version-history":[{"count":0,"href":"https:\/\/blogs.laverdad.es\/primeraplana\/wp-json\/wp\/v2\/posts\/531\/revisions"}],"wp:attachment":[{"href":"https:\/\/blogs.laverdad.es\/primeraplana\/wp-json\/wp\/v2\/media?parent=531"}],"wp:term":[{"taxonomy":"category","embeddable":true,"href":"https:\/\/blogs.laverdad.es\/primeraplana\/wp-json\/wp\/v2\/categories?post=531"},{"taxonomy":"post_tag","embeddable":true,"href":"https:\/\/blogs.laverdad.es\/primeraplana\/wp-json\/wp\/v2\/tags?post=531"}],"curies":[{"name":"wp","href":"https:\/\/api.w.org\/{rel}","templated":true}]}}