{"id":535,"date":"2014-03-09T09:44:04","date_gmt":"2014-03-09T08:44:04","guid":{"rendered":"http:\/\/blogs.laverdad.es\/primeraplana\/?p=535"},"modified":"2014-03-09T09:44:04","modified_gmt":"2014-03-09T08:44:04","slug":"mujeres-que-rompen-moldes","status":"publish","type":"post","link":"https:\/\/blogs.laverdad.es\/primeraplana\/2014\/03\/09\/mujeres-que-rompen-moldes\/","title":{"rendered":"Mujeres que rompen moldes"},"content":{"rendered":"<p>Siempre que llega el D\u00eda Internacional de la Mujer, que ayer se celebr\u00f3 en todo el mundo, suele pasar inadvertido el papel crucial de los medios de comunicaci\u00f3n para la consecuci\u00f3n de la plena igualdad de las mujeres. Los debates p\u00fablicos se concentran en temas especialmente relevantes, como la pervivencia de los roles machistas, la conciliaci\u00f3n laboral y familiar, la brecha salarial, el bloqueo en los puestos de direcci\u00f3n, la falta de educaci\u00f3n en igualdad en los hogares y en la escuela, y en general las pol\u00edticas p\u00fablicas relacionadas con este \u00e1mbito, casi siempre ineficaces por la falta de control y reprobaci\u00f3n cuando se detectan incumplimientos. As\u00ed es, y no deber\u00eda ser de otra forma, porque esas son las principales vallas que dificultan un camino en el que se ha avanzado mucho pero al que le queda largo recorrido. Sin embargo, pocas veces los medios de comunicaci\u00f3n reconocen tambi\u00e9n que somos, o podemos ser, otro gran obst\u00e1culo para la igualdad de gen\u00e9ros, al obstinarnos en perpetuar la escasa visibilidad de las mujeres en la vida p\u00fablica, y al contribuir a proyectar estereotipos sobre lo masculino y lo femenino que est\u00e1n alejados de la realidad. Hace solo unos pocos meses, en una conferencia sobre este asunto, el Consejo de Europa apuntaba claramente a esa responsabilidad contra\u00edda por los medios de comunicaci\u00f3n en el mantenimiento y la aplicaci\u00f3n del principio de igualdad entre hombres y mujeres como una parte integral de los derechos humanos. Es una tarea que no es sencilla y que no podr\u00e1 solventarse de un d\u00eda para otro, dado que exige un compromiso sostenido en el tiempo de los profesionales de la prensa impresa y digital, la radio y la televisi\u00f3n. Con motivo del D\u00eda Internacional de la Mujer, hoy hemos querido hacer un peri\u00f3dico diferente, que rompa moldes, como hacen muchas de las mujeres que aparecen en los reportajes, entrevistas y perfiles de esta edici\u00f3n dominical, a lo largo de sus principales secciones. En cada p\u00e1gina de informaci\u00f3n de &#8216;La Verdad&#8217;, hoy ver\u00e1n una mujer y un mensaje. Cincuenta y seis mujeres de la Regi\u00f3n, de toda condici\u00f3n profesional y orientaci\u00f3n ideol\u00f3gica, que nos brindan un pensamiento personal para esta ocasi\u00f3n. Cada mujer, como cada hombre, es un universo con voz propia y singular en una sociedad plural. Los peri\u00f3dicos solo somos un reflejo de \u00e9sta y por tanto tambi\u00e9n pecamos de las mismas imperfecciones en materia de igualdad de g\u00e9neros que el resto de instituciones y organizaciones. Por eso, ni este humilde y puntual ejercicio de reflexi\u00f3n y de periodismo nos redime de posibles errores pasados, ni nos vacuna contra los que puedan venir en el futuro. Dec\u00eda Teresa de Calcuta que \u00aba veces sentimos que lo que hacemos es tan solo una gota en el mar, pero el mar ser\u00eda menos si le faltara esa gota\u00bb. Nuestro peri\u00f3dico de hoy es algo m\u00e1s que un gui\u00f1o, aunque no pase de ser una peque\u00f1a gota en un problema oce\u00e1nico. Ojal\u00e1 que algo cale.<\/p>\n","protected":false},"excerpt":{"rendered":"<p>Siempre que llega el D\u00eda Internacional de la Mujer, que ayer se celebr\u00f3 en todo el mundo, suele pasar inadvertido el papel crucial de los medios de comunicaci\u00f3n para la consecuci\u00f3n de la plena igualdad de las mujeres. Los debates p\u00fablicos se concentran en temas especialmente relevantes, como la pervivencia de los roles machistas, la [&hellip;]<\/p>\n","protected":false},"author":11,"featured_media":0,"comment_status":"closed","ping_status":"open","sticky":false,"template":"","format":"standard","meta":[],"categories":[3],"tags":[],"_links":{"self":[{"href":"https:\/\/blogs.laverdad.es\/primeraplana\/wp-json\/wp\/v2\/posts\/535"}],"collection":[{"href":"https:\/\/blogs.laverdad.es\/primeraplana\/wp-json\/wp\/v2\/posts"}],"about":[{"href":"https:\/\/blogs.laverdad.es\/primeraplana\/wp-json\/wp\/v2\/types\/post"}],"author":[{"embeddable":true,"href":"https:\/\/blogs.laverdad.es\/primeraplana\/wp-json\/wp\/v2\/users\/11"}],"replies":[{"embeddable":true,"href":"https:\/\/blogs.laverdad.es\/primeraplana\/wp-json\/wp\/v2\/comments?post=535"}],"version-history":[{"count":0,"href":"https:\/\/blogs.laverdad.es\/primeraplana\/wp-json\/wp\/v2\/posts\/535\/revisions"}],"wp:attachment":[{"href":"https:\/\/blogs.laverdad.es\/primeraplana\/wp-json\/wp\/v2\/media?parent=535"}],"wp:term":[{"taxonomy":"category","embeddable":true,"href":"https:\/\/blogs.laverdad.es\/primeraplana\/wp-json\/wp\/v2\/categories?post=535"},{"taxonomy":"post_tag","embeddable":true,"href":"https:\/\/blogs.laverdad.es\/primeraplana\/wp-json\/wp\/v2\/tags?post=535"}],"curies":[{"name":"wp","href":"https:\/\/api.w.org\/{rel}","templated":true}]}}