{"id":538,"date":"2014-03-16T09:20:35","date_gmt":"2014-03-16T08:20:35","guid":{"rendered":"http:\/\/blogs.laverdad.es\/primeraplana\/?p=538"},"modified":"2014-03-16T09:20:35","modified_gmt":"2014-03-16T08:20:35","slug":"alberto-garre","status":"publish","type":"post","link":"https:\/\/blogs.laverdad.es\/primeraplana\/2014\/03\/16\/alberto-garre\/","title":{"rendered":"Alberto Garre"},"content":{"rendered":"<p>Alberto Garre es un experimentado pol\u00edtico de contrastada bonhom\u00eda, singular sentido del humor y una inequ\u00edvoca entrega a una Regi\u00f3n a la que puso por delante de los intereses de su partido cuando estuvo en juego el trasvase del Tajo. Es dif\u00edcil no sentir aprecio personal y respeto por Garre, al que deseo la mejor de las suertes por la responsabilidad sobrevenida que le ha ca\u00eddo sobre los hombros. Falta le har\u00e1 porque, adem\u00e1s de la coyuntura pol\u00edtica y econ\u00f3mica, desembarca en San Esteban con el estigma de ser un presidente por descarte, de transici\u00f3n, tutelado desde el PP por Valc\u00e1rcel, desconocido para la opini\u00f3n p\u00fablica, sin experiencia de gesti\u00f3n y desprovisto de un plan de vuelo conocido para un periodo de solo doce meses. Colmadas sus aspiraciones pol\u00edticas, pod\u00eda haber rechazado el ofrecimiento de Valc\u00e1rcel y sin embargo se ha subido a la cabina de un tren en marcha que, seg\u00fan la hoja de ruta fijada por Valc\u00e1rcel el pasado verano, deb\u00eda conducir su &#8216;delf\u00edn&#8217; Pedro Antonio S\u00e1nchez. La ronda de consultas a los alcaldes llamados a palacio, una especie de sondeo con reminiscencias medievales, hab\u00eda permitido &#8216;revestir el mu\u00f1eco&#8217; sucesorio con una ligera p\u00e1tina de democracia interna, pero la inopinada decisi\u00f3n del TSJ trastoc\u00f3 todos los planes y el presidente improvis\u00f3 una &#8216;tercera v\u00eda&#8217; que frustrara lo que los camaristas entender\u00edan como una victoria -la designaci\u00f3n de Juan Carlos Ruiz- y a la vez diera cohesi\u00f3n a un partido en riesgo de divisi\u00f3n tras la marcha del hiperl\u00edder. Juan Bernal ya hab\u00eda quedado descartado, v\u00edctima de los halagos de la clase empresarial y de los pol\u00edticos de Madrid, y distanciado tanto del presidente, por su posici\u00f3n sobre el aeropuerto y el control del gasto sanitario, como de buena parte del PP, por temor a los efectos pol\u00edticos de su tijera. Urgido por los tiempos, Valc\u00e1rcel opt\u00f3 por Garre, el pegamento disponible que mejor pega en este momento. Cualquier atisbo de renovaci\u00f3n generacional quedaba as\u00ed aparcado en aras de una cohesi\u00f3n interna necesaria para vencer en las elecciones de 2015, que es de lo que va este tema. La Junta Directiva del PP, compuesta por al menos doscientos dirigentes que viven de la pol\u00edtica, fue un mero tr\u00e1mite para quien tiene en su mano la elaboraci\u00f3n de las listas para las pr\u00f3ximas elecciones auton\u00f3micas y municipales. Quienes hace unas semanas quer\u00edan votar candidatos callaron clamorosamente. No hubo debate. Ni una pregunta sobre el rumbo del partido o los mensajes a lanzar a la sociedad. Cierre de filas y designaci\u00f3n un\u00e1nime por aclamaci\u00f3n. En dos semanas tendremos nuevo presidente regional, otro m\u00e1s, como Susana D\u00edaz e Ignacio Gonz\u00e1lez, que brota de procesos internos partidistas en los que se prescinde de la opini\u00f3n directa de los ciudadanos. Leg\u00edtimo, pero poco saludable. De todo esto quien menos responsabilidad tiene es el propio Garre, un buen hombre con un indudable sentido de la lealtad. Lo dicho, que la fuerza le acompa\u00f1e.<\/p>\n","protected":false},"excerpt":{"rendered":"<p>Alberto Garre es un experimentado pol\u00edtico de contrastada bonhom\u00eda, singular sentido del humor y una inequ\u00edvoca entrega a una Regi\u00f3n a la que puso por delante de los intereses de su partido cuando estuvo en juego el trasvase del Tajo. Es dif\u00edcil no sentir aprecio personal y respeto por Garre, al que deseo la mejor [&hellip;]<\/p>\n","protected":false},"author":11,"featured_media":0,"comment_status":"closed","ping_status":"open","sticky":false,"template":"","format":"standard","meta":[],"categories":[36],"tags":[],"_links":{"self":[{"href":"https:\/\/blogs.laverdad.es\/primeraplana\/wp-json\/wp\/v2\/posts\/538"}],"collection":[{"href":"https:\/\/blogs.laverdad.es\/primeraplana\/wp-json\/wp\/v2\/posts"}],"about":[{"href":"https:\/\/blogs.laverdad.es\/primeraplana\/wp-json\/wp\/v2\/types\/post"}],"author":[{"embeddable":true,"href":"https:\/\/blogs.laverdad.es\/primeraplana\/wp-json\/wp\/v2\/users\/11"}],"replies":[{"embeddable":true,"href":"https:\/\/blogs.laverdad.es\/primeraplana\/wp-json\/wp\/v2\/comments?post=538"}],"version-history":[{"count":0,"href":"https:\/\/blogs.laverdad.es\/primeraplana\/wp-json\/wp\/v2\/posts\/538\/revisions"}],"wp:attachment":[{"href":"https:\/\/blogs.laverdad.es\/primeraplana\/wp-json\/wp\/v2\/media?parent=538"}],"wp:term":[{"taxonomy":"category","embeddable":true,"href":"https:\/\/blogs.laverdad.es\/primeraplana\/wp-json\/wp\/v2\/categories?post=538"},{"taxonomy":"post_tag","embeddable":true,"href":"https:\/\/blogs.laverdad.es\/primeraplana\/wp-json\/wp\/v2\/tags?post=538"}],"curies":[{"name":"wp","href":"https:\/\/api.w.org\/{rel}","templated":true}]}}