{"id":541,"date":"2014-03-23T09:39:38","date_gmt":"2014-03-23T08:39:38","guid":{"rendered":"http:\/\/blogs.laverdad.es\/primeraplana\/?p=541"},"modified":"2014-03-23T09:39:38","modified_gmt":"2014-03-23T08:39:38","slug":"big-bang","status":"publish","type":"post","link":"https:\/\/blogs.laverdad.es\/primeraplana\/2014\/03\/23\/big-bang\/","title":{"rendered":"&#039;Big Bang&#039;"},"content":{"rendered":"<p>En las paredes del Mubam cuelga estos d\u00edas una obra de Isidoro Valc\u00e1rcel Medina compuesta por una serie de dibujos que gravitan como objetos celestes alrededor de un cuadro paisaj\u00edstico, &#8216;La umbr\u00eda de Archena&#8217;, pintado por su abuelo, Inocencio Medina Vera. El ind\u00f3mito creador murciano, premio nacional de Artes Pl\u00e1sticas en 2007, no lleg\u00f3 a conocer a su antepasado, pero esa pintura le acompa\u00f1\u00f3 toda su vida y a ella le une un intenso v\u00ednculo emocional. Este personal y simb\u00f3lico viaje de Valc\u00e1rcel Medina a sus or\u00edgenes, plasmado en un peque\u00f1o microcosmos, de papel y \u00f3leo, de vanguardia y tradici\u00f3n, me vino a la cabeza cuando esta semana se anunci\u00f3 la prueba directa de que, como postulaban los te\u00f3ricos, el Universo experiment\u00f3 una explosiva inflaci\u00f3n c\u00f3smica instantes despu\u00e9s del &#8216;Big Bang&#8217;. La expresi\u00f3n pl\u00e1stica de Valc\u00e1rcel Medina, pionero del arte conceptual, no se parece en nada a la de su abuelo, como sucede entre el Universo primitivo y \u00e9ste en el que vivimos, 14.000 millones de a\u00f1os despu\u00e9s. Sin embargo, intuyo que ese paisaje omnipresente en la ni\u00f1ez de Valc\u00e1rcel Medina podr\u00eda ser la singularidad primigenia, el personal &#8216;Big Bang&#8217; que origin\u00f3 el posterior estallido creativo de uno de nuestros artistas m\u00e1s reconocidos. En la vida de todos siempre hay un punto de arranque y momentos donde el rumbo se var\u00eda para trazar nuevos caminos. Como colectividad de personas, la Regi\u00f3n se halla ahora ante una de esas encrucijadas. Todo por una crisis que, tras una expansi\u00f3n econ\u00f3mica insostenible, dej\u00f3 al descubierto las deficiencias de su modelo productivo y de su sistema educativo, pero tambi\u00e9n las fortalezas de un sector, el agroalimentario, que supo innovar desde la tradici\u00f3n cuando pocos le prestaban atenci\u00f3n. El Plan Estrat\u00e9gico 2014-2020, presentado esta semana por el Gobierno, deber\u00eda asemejarse a la obra de Valc\u00e1rcel Medina, el encuentro de una larga historia que ha forjado lo que somos con algunos elementos de ruptura con lo ya transitado y, por qu\u00e9 no, de vanguardia. De lo presentado, sobre el papel lo m\u00e1s acertado es la apuesta por la educaci\u00f3n y el talento innovador. Y lo que menos, la ausencia de reformas pol\u00edticas para regenerar y articular la vida p\u00fablica, lo que perpet\u00faa el error de considerar que los problemas regionales son exclusivamente de infraestructuras, financiaci\u00f3n y de estructura econ\u00f3mica y administrativa. La nueva hoja de ruta tiene, sin duda, aspectos positivos, como toda declaraci\u00f3n de intenciones hecha con sentido com\u00fan, pero a priori suscita un escaso entusiasmo porque la mayor\u00eda de medidas y proyectos estrat\u00e9gicos dibujan un panorama ya conocido o parcialmente recorrido, como el de la vereda pintada por Medina Vera, que siempre llega al mismo punto. Ni se puede, ni ser\u00eda deseable, porque no todo es negativo, poner a cero el reloj regional, pero no es posible exhibir mucho cr\u00e9dito cuando se vive de generar expectativas, con parcos resultados.<\/p>\n","protected":false},"excerpt":{"rendered":"<p>En las paredes del Mubam cuelga estos d\u00edas una obra de Isidoro Valc\u00e1rcel Medina compuesta por una serie de dibujos que gravitan como objetos celestes alrededor de un cuadro paisaj\u00edstico, &#8216;La umbr\u00eda de Archena&#8217;, pintado por su abuelo, Inocencio Medina Vera. El ind\u00f3mito creador murciano, premio nacional de Artes Pl\u00e1sticas en 2007, no lleg\u00f3 a [&hellip;]<\/p>\n","protected":false},"author":11,"featured_media":0,"comment_status":"closed","ping_status":"open","sticky":false,"template":"","format":"standard","meta":[],"categories":[3],"tags":[],"_links":{"self":[{"href":"https:\/\/blogs.laverdad.es\/primeraplana\/wp-json\/wp\/v2\/posts\/541"}],"collection":[{"href":"https:\/\/blogs.laverdad.es\/primeraplana\/wp-json\/wp\/v2\/posts"}],"about":[{"href":"https:\/\/blogs.laverdad.es\/primeraplana\/wp-json\/wp\/v2\/types\/post"}],"author":[{"embeddable":true,"href":"https:\/\/blogs.laverdad.es\/primeraplana\/wp-json\/wp\/v2\/users\/11"}],"replies":[{"embeddable":true,"href":"https:\/\/blogs.laverdad.es\/primeraplana\/wp-json\/wp\/v2\/comments?post=541"}],"version-history":[{"count":0,"href":"https:\/\/blogs.laverdad.es\/primeraplana\/wp-json\/wp\/v2\/posts\/541\/revisions"}],"wp:attachment":[{"href":"https:\/\/blogs.laverdad.es\/primeraplana\/wp-json\/wp\/v2\/media?parent=541"}],"wp:term":[{"taxonomy":"category","embeddable":true,"href":"https:\/\/blogs.laverdad.es\/primeraplana\/wp-json\/wp\/v2\/categories?post=541"},{"taxonomy":"post_tag","embeddable":true,"href":"https:\/\/blogs.laverdad.es\/primeraplana\/wp-json\/wp\/v2\/tags?post=541"}],"curies":[{"name":"wp","href":"https:\/\/api.w.org\/{rel}","templated":true}]}}