{"id":543,"date":"2014-03-30T09:42:46","date_gmt":"2014-03-30T07:42:46","guid":{"rendered":"http:\/\/blogs.laverdad.es\/primeraplana\/?p=543"},"modified":"2014-03-30T09:42:46","modified_gmt":"2014-03-30T07:42:46","slug":"suarez-y-la-universidad","status":"publish","type":"post","link":"https:\/\/blogs.laverdad.es\/primeraplana\/2014\/03\/30\/suarez-y-la-universidad\/","title":{"rendered":"Su\u00e1rez y la universidad"},"content":{"rendered":"<p>El esp\u00edritu de consenso se hab\u00eda evaporado por completo de la escena pol\u00edtica cuando Adolfo Su\u00e1rez, en el hotel Bol\u00edvar de Lima, le confes\u00f3 en 1980 a la periodista murciana Josefina Mart\u00ednez del \u00c1lamo que se sent\u00eda \u00abun hombre absolutamente desprestigiado\u00bb. La cruda sinceridad de un presidente abatido y acorralado por todos los flancos posibles, llev\u00f3 a sus colaboradores a impedir la publicaci\u00f3n de esa estremecedora conversaci\u00f3n, que finalmente vio la luz 27 a\u00f1os despu\u00e9s, coincidiendo con el 75 cumplea\u00f1os de Su\u00e1rez, entonces ya afectado por alzheimer. En 2007, cuando le\u00ed\u00a0 esa entrevista proscrita para su edici\u00f3n y publicaci\u00f3n, algunas demoledoras frases de Su\u00e1rez sobre la prensa y la clase pol\u00edtica, \u00abcoci\u00e9ndose en la gran cloaca madrile\u00f1a\u00bb en 1980, encajaban como un guante en mis recuerdos de los dos convulsos a\u00f1os que precedieron a su dimisi\u00f3n y a la intentona golpista del 23-F. A finales de 1979,\u00a0 la barbarie de ETA, el ruido de sables, el paro y la inflaci\u00f3n manten\u00edan en un estado de constante agitaci\u00f3n al pa\u00eds, lo que se viv\u00eda con especial intensidad por los alumnos y docentes universitarios. Atr\u00e1s hab\u00edan quedado los a\u00f1os de euforia general (1976-1977) y comenzaba a instalarse ese estado colectivo de \u00e1nimo que pas\u00f3 a conocerse como el &#8216;desencanto&#8217;. Los dos campus de Madrid eran un hervidero de tensiones. No solo por la zozobra pol\u00edtica, agravada por los asaltos de ultraderechistas armados a las Facultades de Derecho y Ciencias de la Informaci\u00f3n, sino tambi\u00e9n por una ansiada reforma de la ense\u00f1anza superior, reclamada desde todos los sectores e ideolog\u00edas, y que se iba a concretar en la Ley de Autonom\u00eda Universitaria (LAU) del ministro Gonz\u00e1lez Seara. El PSOE y otros partidos de izquierda, enraizados en el colectivo de profesores no numerarios (los &#8216;penenes&#8217;), recibieron los primeros planteamientos con un frontal rechazo. Las posiciones entre el Gobierno y la oposici\u00f3n fueron acerc\u00e1ndose, pero brotaron irreconciliables discrepancias entre los socialdem\u00f3cratas y los democristianos de UCD sobre la LAU, que no lleg\u00f3 a aprobarse ni con Gonz\u00e1lez Seara ni con su sucesor, D\u00edaz-Ambrona. Con toda justicia recordado por sus may\u00fasculas contribuciones a la consolidaci\u00f3n de la democracia, Adolfo Su\u00e1rez tambi\u00e9n tuvo sonados batacazos. Uno de ellos fue la reforma universitaria. Como hace 34 a\u00f1os, pese a todo lo avanzado en una instituci\u00f3n clave para el pa\u00eds, el camino hacia la excelencia docente e investigadora tiene un largo recorrido por delante. Hay nuevos retos, como la internacionalizaci\u00f3n, y otros no muy distintos a los de 1979, que afectan a la carrera docente e investigadora. La Universidad p\u00fablica, introspectiva y anquilosada por sus propias rigideces y la falta de un marco de financiaci\u00f3n estable, precisa ahora de otro impulso renovador que debe venir precedido de un debate abierto a la sociedad. Con ese fin, &#8216;La Verdad&#8217; ofrece hoy las propuestas de cien miembros de la comunidad universitaria regional.<\/p>\n","protected":false},"excerpt":{"rendered":"<p>El esp\u00edritu de consenso se hab\u00eda evaporado por completo de la escena pol\u00edtica cuando Adolfo Su\u00e1rez, en el hotel Bol\u00edvar de Lima, le confes\u00f3 en 1980 a la periodista murciana Josefina Mart\u00ednez del \u00c1lamo que se sent\u00eda \u00abun hombre absolutamente desprestigiado\u00bb. La cruda sinceridad de un presidente abatido y acorralado por todos los flancos posibles, [&hellip;]<\/p>\n","protected":false},"author":11,"featured_media":0,"comment_status":"closed","ping_status":"open","sticky":false,"template":"","format":"standard","meta":[],"categories":[3],"tags":[],"_links":{"self":[{"href":"https:\/\/blogs.laverdad.es\/primeraplana\/wp-json\/wp\/v2\/posts\/543"}],"collection":[{"href":"https:\/\/blogs.laverdad.es\/primeraplana\/wp-json\/wp\/v2\/posts"}],"about":[{"href":"https:\/\/blogs.laverdad.es\/primeraplana\/wp-json\/wp\/v2\/types\/post"}],"author":[{"embeddable":true,"href":"https:\/\/blogs.laverdad.es\/primeraplana\/wp-json\/wp\/v2\/users\/11"}],"replies":[{"embeddable":true,"href":"https:\/\/blogs.laverdad.es\/primeraplana\/wp-json\/wp\/v2\/comments?post=543"}],"version-history":[{"count":0,"href":"https:\/\/blogs.laverdad.es\/primeraplana\/wp-json\/wp\/v2\/posts\/543\/revisions"}],"wp:attachment":[{"href":"https:\/\/blogs.laverdad.es\/primeraplana\/wp-json\/wp\/v2\/media?parent=543"}],"wp:term":[{"taxonomy":"category","embeddable":true,"href":"https:\/\/blogs.laverdad.es\/primeraplana\/wp-json\/wp\/v2\/categories?post=543"},{"taxonomy":"post_tag","embeddable":true,"href":"https:\/\/blogs.laverdad.es\/primeraplana\/wp-json\/wp\/v2\/tags?post=543"}],"curies":[{"name":"wp","href":"https:\/\/api.w.org\/{rel}","templated":true}]}}