{"id":546,"date":"2014-04-06T09:51:36","date_gmt":"2014-04-06T07:51:36","guid":{"rendered":"http:\/\/blogs.laverdad.es\/primeraplana\/?p=546"},"modified":"2014-04-06T09:51:36","modified_gmt":"2014-04-06T07:51:36","slug":"el-arte-de-lo-posible","status":"publish","type":"post","link":"https:\/\/blogs.laverdad.es\/primeraplana\/2014\/04\/06\/el-arte-de-lo-posible\/","title":{"rendered":"El arte de lo posible"},"content":{"rendered":"<p>Desde los tiempos de la Grecia cl\u00e1sica se define la pol\u00edtica como el arte de lo posible. Por eso solo los m\u00e1s audaces, aquellos pocos que superan las inercias y abren nuevos caminos, se perpet\u00faan en la historia. En un contexto econ\u00f3mico y social nada sencillo, Alberto Garre ser\u00e1 investido presidente regional la pr\u00f3xima semana para un periodo de poco m\u00e1s de un a\u00f1o. Escaso tiempo tiene garantizado para encauzar los grandes problemas de la Regi\u00f3n, pero al menos podr\u00e1 aprovechar ese escaso margen temporal para intentar dejar una impronta personal en su acci\u00f3n de gobierno. Llega Garre a San Esteban sin m\u00e1cula y con la oportunidad de imponer un sello propio. Eso s\u00ed ser\u00eda posible. Y como es momento de expresar deseos, yo le pedir\u00eda al nuevo presidente que lo sea de todos los murcianos, que pise la calle, que tenga sensibilidad social, que act\u00fae sin soberbia, que haga del di\u00e1logo su herramienta de trabajo, que no genere falsas expectativas, que lo que diga no tenga una validez de minutos u horas, que defienda el principio de legalidad con convicci\u00f3n en todos los \u00e1mbitos de la vida p\u00fablica, que ponga barreras a la corrupci\u00f3n y haga lo posible para prestigiar el ejercicio de la pol\u00edtica, que irradie ejemplaridad, que priorice la gesti\u00f3n eficaz frente a la arenga reivindicativa, que respete la libertad de expresi\u00f3n y de prensa tanto en p\u00fablico como en privado, que anteponga los intereses regionales a los personales y a los partidistas, que no pierda los nervios ante una cr\u00edtica fundamentada o una crisis sobrevenida, que no se crea el centro del Universo ahora que llegar\u00e1n las palmaditas y las adulaciones, que tienda puentes con la oposici\u00f3n en temas sustanciales, que tenga el valor de reconocer los problemas y asumir las responsabilidades de sus \u00e9xitos y sus fracasos, que se esfuerce en acabar con la invisibilidad de Murcia en Madrid, que busque la complicidad de los empresarios y los sindicatos en los proyectos relevantes, que crea en un desarrollo econ\u00f3mico sostenible, que no desprecie la I+D+i, que ponga el foco en la generaci\u00f3n de empleo y en la educaci\u00f3n p\u00fablica de calidad, que termine de sanear las cuentas para garantizar los servicios p\u00fablicos esenciales, que se implique en la b\u00fasqueda de inversiones, que se replantee las cosas cuando se tope de bruces con la realidad, que conduzca la Regi\u00f3n con las luces largas, que no fomente comportamientos que hagan pensar a los dem\u00e1s que vivimos en una aldea grande en lugar de en una regi\u00f3n peque\u00f1a, que no se refugie en el victimismo, que no confunda a quienes conf\u00edan en \u00e9l con fabulaciones y enemigos ficticios, que exhiba talante reformista en lo pol\u00edtico para avanzar en calidad democr\u00e1tica, que se tome en serio la transparencia, que se rodee de los mejores, que d\u00e9 un impulso a la Asamblea Regional, que sea capaz de asumir cu\u00e1ndo su tiempo pol\u00edtico en el cargo debe llegar a su fin y que, alcanzado ese momento, sea cuando sea, se despida con humildad.<\/p>\n","protected":false},"excerpt":{"rendered":"<p>Desde los tiempos de la Grecia cl\u00e1sica se define la pol\u00edtica como el arte de lo posible. Por eso solo los m\u00e1s audaces, aquellos pocos que superan las inercias y abren nuevos caminos, se perpet\u00faan en la historia. En un contexto econ\u00f3mico y social nada sencillo, Alberto Garre ser\u00e1 investido presidente regional la pr\u00f3xima semana [&hellip;]<\/p>\n","protected":false},"author":11,"featured_media":0,"comment_status":"closed","ping_status":"open","sticky":false,"template":"","format":"standard","meta":[],"categories":[36],"tags":[],"_links":{"self":[{"href":"https:\/\/blogs.laverdad.es\/primeraplana\/wp-json\/wp\/v2\/posts\/546"}],"collection":[{"href":"https:\/\/blogs.laverdad.es\/primeraplana\/wp-json\/wp\/v2\/posts"}],"about":[{"href":"https:\/\/blogs.laverdad.es\/primeraplana\/wp-json\/wp\/v2\/types\/post"}],"author":[{"embeddable":true,"href":"https:\/\/blogs.laverdad.es\/primeraplana\/wp-json\/wp\/v2\/users\/11"}],"replies":[{"embeddable":true,"href":"https:\/\/blogs.laverdad.es\/primeraplana\/wp-json\/wp\/v2\/comments?post=546"}],"version-history":[{"count":0,"href":"https:\/\/blogs.laverdad.es\/primeraplana\/wp-json\/wp\/v2\/posts\/546\/revisions"}],"wp:attachment":[{"href":"https:\/\/blogs.laverdad.es\/primeraplana\/wp-json\/wp\/v2\/media?parent=546"}],"wp:term":[{"taxonomy":"category","embeddable":true,"href":"https:\/\/blogs.laverdad.es\/primeraplana\/wp-json\/wp\/v2\/categories?post=546"},{"taxonomy":"post_tag","embeddable":true,"href":"https:\/\/blogs.laverdad.es\/primeraplana\/wp-json\/wp\/v2\/tags?post=546"}],"curies":[{"name":"wp","href":"https:\/\/api.w.org\/{rel}","templated":true}]}}