{"id":554,"date":"2014-04-27T10:04:03","date_gmt":"2014-04-27T08:04:03","guid":{"rendered":"http:\/\/blogs.laverdad.es\/primeraplana\/?p=554"},"modified":"2014-04-27T10:04:03","modified_gmt":"2014-04-27T08:04:03","slug":"la-tragedia-de-los-comunes","status":"publish","type":"post","link":"https:\/\/blogs.laverdad.es\/primeraplana\/2014\/04\/27\/la-tragedia-de-los-comunes\/","title":{"rendered":"La &#039;tragedia de los comunes&#039;"},"content":{"rendered":"<p>El estruendoso rechazo de Miguel del Toro a dirigir el Info, pocos d\u00edas despu\u00e9s de aceptar p\u00fablicamente el cargo, viene a confirmar que en la pol\u00edtica regional todo es posible, incluso lo m\u00e1s inveros\u00edmil e impredecible. A algunos les sorprendi\u00f3, para mal, que el reivindicativo expresidente de la patronal aceptase un puesto en el Ejecutivo. Pero a otros les pareci\u00f3 una excelente idea que un experimentado empresario se pusiera al frente de un organismo destinado a impulsar el tejido productivo. De una u otra forma, la noticia impact\u00f3 a todos y a nadie dej\u00f3 indiferente. Lo que muy pocos pod\u00edan esperar (salvo quienes lo propiciaron) era un &#8216;gatillazo&#8217; pol\u00edtico de tal calibre, con un atronador portazo del constructor y su denuncia de una campa\u00f1a difamatoria contra \u00e9l de una parte del PP por un aval del Info que tendr\u00eda pendiente de pago. Es verdad que despu\u00e9s de 19 a\u00f1os de hiperliderazgo, la marcha de Valc\u00e1rcel arrastraba el riesgo de luchas intestinas por el nuevo reparto de poder. De hecho, la designaci\u00f3n de Alberto Garre como presidente se interpret\u00f3 como una vacuna para mantener la cohesi\u00f3n del partido tras verse frustradas, por distintos motivos y al menos moment\u00e1neamente, las aspiraciones de Pedro Antonio S\u00e1nchez y Juan Carlos Ruiz. En la b\u00fasqueda de esa paz interna, ambos cohabitan ahora en el Gobierno en un plano de aparente equilibrio, como el que muestran Garre y Valc\u00e1rcel en la bicefalia del Ejecutivo y del partido. A la vista de lo que p\u00fablicamente se aprecia y de lo que consta que sucede soterradamente, esa m\u00faltiple convivencia arm\u00f3nica es m\u00e1s aparente que real. Cuando merodea tanto gallo en el gallinero marcando territorio, tanto cabreo matutino por declaraciones con doble o triple lectura y tanta filtraci\u00f3n interesada, lo habitual es que la concordia se diluya m\u00e1s pronto que tarde. Como se descuide, el PP regional puede acabar reviviendo la &#8216;tragedia de los comunes&#8217;, esa vieja par\u00e1bola sobre un grupo de pastores que compart\u00edan un pasto hasta que se agot\u00f3 porque al final actuaron en funci\u00f3n de los intereses cortoplacistas de cada uno. Y eso en pol\u00edtica es vital porque las victorias ya no llegan porque el ganador genere entusiasmo, sino por el derrumbe del oponente, que siempre comienza con &#8216;fuego amigo&#8217; entre afines. \u00ab\u00a1Al suelo, que vienen los nuestros!\u00bb, sol\u00eda decir P\u00edo Cabanillas, aquel ministro de UCD de fino sentido com\u00fan. A\u00f1os antes, Cabanillas y Manuel Fraga, siendo el primero subsecretario y el segundo ministro de Turismo, decidieron un d\u00eda ba\u00f1arse desnudos en una playa de Galicia, con tan mala suerte que al salir del agua se toparon con un grupo de monjas y de escolares. Fraga huy\u00f3 hacia el coche tap\u00e1ndose las partes pudendas mientras Cabanillas, que iba tras \u00e9l, le gritaba: \u00ab\u00a1La cara, Manolo, t\u00e1pate la cara!\u00bb. Algo parecido le sucede por aqu\u00ed al PP. Que es imposible cubrirse el rostro y las verg\u00fcenzas al mismo tiempo cuando las navajas cachicuernas quedan al desnudo.<\/p>\n","protected":false},"excerpt":{"rendered":"<p>El estruendoso rechazo de Miguel del Toro a dirigir el Info, pocos d\u00edas despu\u00e9s de aceptar p\u00fablicamente el cargo, viene a confirmar que en la pol\u00edtica regional todo es posible, incluso lo m\u00e1s inveros\u00edmil e impredecible. A algunos les sorprendi\u00f3, para mal, que el reivindicativo expresidente de la patronal aceptase un puesto en el Ejecutivo. [&hellip;]<\/p>\n","protected":false},"author":11,"featured_media":0,"comment_status":"closed","ping_status":"open","sticky":false,"template":"","format":"standard","meta":[],"categories":[3],"tags":[],"_links":{"self":[{"href":"https:\/\/blogs.laverdad.es\/primeraplana\/wp-json\/wp\/v2\/posts\/554"}],"collection":[{"href":"https:\/\/blogs.laverdad.es\/primeraplana\/wp-json\/wp\/v2\/posts"}],"about":[{"href":"https:\/\/blogs.laverdad.es\/primeraplana\/wp-json\/wp\/v2\/types\/post"}],"author":[{"embeddable":true,"href":"https:\/\/blogs.laverdad.es\/primeraplana\/wp-json\/wp\/v2\/users\/11"}],"replies":[{"embeddable":true,"href":"https:\/\/blogs.laverdad.es\/primeraplana\/wp-json\/wp\/v2\/comments?post=554"}],"version-history":[{"count":0,"href":"https:\/\/blogs.laverdad.es\/primeraplana\/wp-json\/wp\/v2\/posts\/554\/revisions"}],"wp:attachment":[{"href":"https:\/\/blogs.laverdad.es\/primeraplana\/wp-json\/wp\/v2\/media?parent=554"}],"wp:term":[{"taxonomy":"category","embeddable":true,"href":"https:\/\/blogs.laverdad.es\/primeraplana\/wp-json\/wp\/v2\/categories?post=554"},{"taxonomy":"post_tag","embeddable":true,"href":"https:\/\/blogs.laverdad.es\/primeraplana\/wp-json\/wp\/v2\/tags?post=554"}],"curies":[{"name":"wp","href":"https:\/\/api.w.org\/{rel}","templated":true}]}}