{"id":557,"date":"2014-05-04T09:51:51","date_gmt":"2014-05-04T07:51:51","guid":{"rendered":"http:\/\/blogs.laverdad.es\/primeraplana\/?p=557"},"modified":"2014-05-04T09:51:51","modified_gmt":"2014-05-04T07:51:51","slug":"el-pastel-del-turismo","status":"publish","type":"post","link":"https:\/\/blogs.laverdad.es\/primeraplana\/2014\/05\/04\/el-pastel-del-turismo\/","title":{"rendered":"El pastel del turismo"},"content":{"rendered":"<p>La ocupaci\u00f3n en Semana Santa y en este puente de\u00a0 mayo, as\u00ed como los datos de visitantes extranjeros en el primer trimestre del a\u00f1o, presagian un verano de r\u00e9cord para el turismo en Espa\u00f1a. Pese al paup\u00e9rrimo presupuesto en promoci\u00f3n, los bandazos estrat\u00e9gicos, la escasez de infraestructuras y la situaci\u00f3n del aeropuerto de Corvera, a la Regi\u00f3n de Murcia no le est\u00e1 yendo mal en este repunte. Estamos tan lejos en todos los par\u00e1metros cr\u00edticos de los grandes focos de atracci\u00f3n tur\u00edstica que solo podemos crecer si sabemos aprovechar la ola. Recibimos en la actualidad el 1% de los viajeros internacionales que vienen a Espa\u00f1a, pero en relaci\u00f3n con nuestro primer trimestre de 2013 hay un incremento del 25%. Si adem\u00e1s se asienta el clima de confianza en la recuperaci\u00f3n econ\u00f3mica, la Regi\u00f3n puede cosechar en julio y agosto cifras hist\u00f3ricas de turismo nacional y extranjero. El Gobierno regional y los ayuntamientos deber\u00edan estar ya trabajando a fondo para aprovechar el aluvi\u00f3n que se avecina. M\u00e1s a\u00fan con la dura competencia que tiene la Regi\u00f3n en un sector que hoy es una baza inmediata para generar riqueza y empleo. Alicante, por ejemplo, est\u00e1 que se sale. Aunque contin\u00faa pol\u00edticamente enredada en la negativa de la capital a las lanzaderas a Benidorm y Torrevieja desde la estaci\u00f3n del AVE, el sector se frota las manos en la provincia vecina por el tir\u00f3n de la alta velocidad y del aeropuerto de El Altet. Si cae a plomo la cifra de pasajeros de San Javier, y aumentan a la vez los turistas extranjeros en la Regi\u00f3n, es precisamente por la masiva llegada a trav\u00e9s de El Altet de adinerados visitantes n\u00f3rdicos y rusos, que tambi\u00e9n empiezan a recalar en la Costa C\u00e1lida. Mientras, el aeropuerto de Corvera, que podr\u00eda estar abierto de haberse gestionado mejor su particular situaci\u00f3n, permanece cerrado y seguiremos dependiendo del efecto rebose del aer\u00f3dromo alicantino. Adem\u00e1s de un vuelo directo a Mosc\u00fa, El Altet tendr\u00e1 desde junio otro a San Petersburgo. El turista ruso hizo hace pocos a\u00f1os su entrada por Catalu\u00f1a, pero los expertos observan un saturamiento en esa comunidad y un desplazamiento hacia el sur porque huyen del modelo de Lloret de Mar. En Alicante ha crecido un 40% el flujo de rusos, que se dejaron m\u00e1s de mil millones en la compra de 4.500 viviendas durante los \u00faltimos tres a\u00f1os. El fen\u00f3meno es similar con los n\u00f3rdicos, que vuelan desde ocho aeropuertos a Alicante. Es tal el impacto del turismo procedente de esas fr\u00edas latitudes que se suceden las nuevas promociones inmobiliarias en la Costa Blanca, con unas mil viviendas en construcci\u00f3n solo en Torrevieja. Al nuevo consejero Juan Carlos Ruiz no le faltar\u00e1 trabajo. Cerrado su equipo, es hora de que concrete qu\u00e9 va a hacer y qu\u00e9 recursos dedicar\u00e1 al turismo regional. Estos d\u00edas repite, muy razonablemente, que Paramount no es la soluci\u00f3n, sino la guinda. \u00bfPero de qu\u00e9 pastel hablamos? Pasa el tiempo volando y las oportunidades, tambi\u00e9n.<\/p>\n","protected":false},"excerpt":{"rendered":"<p>La ocupaci\u00f3n en Semana Santa y en este puente de\u00a0 mayo, as\u00ed como los datos de visitantes extranjeros en el primer trimestre del a\u00f1o, presagian un verano de r\u00e9cord para el turismo en Espa\u00f1a. Pese al paup\u00e9rrimo presupuesto en promoci\u00f3n, los bandazos estrat\u00e9gicos, la escasez de infraestructuras y la situaci\u00f3n del aeropuerto de Corvera, a [&hellip;]<\/p>\n","protected":false},"author":11,"featured_media":0,"comment_status":"closed","ping_status":"open","sticky":false,"template":"","format":"standard","meta":[],"categories":[3],"tags":[],"_links":{"self":[{"href":"https:\/\/blogs.laverdad.es\/primeraplana\/wp-json\/wp\/v2\/posts\/557"}],"collection":[{"href":"https:\/\/blogs.laverdad.es\/primeraplana\/wp-json\/wp\/v2\/posts"}],"about":[{"href":"https:\/\/blogs.laverdad.es\/primeraplana\/wp-json\/wp\/v2\/types\/post"}],"author":[{"embeddable":true,"href":"https:\/\/blogs.laverdad.es\/primeraplana\/wp-json\/wp\/v2\/users\/11"}],"replies":[{"embeddable":true,"href":"https:\/\/blogs.laverdad.es\/primeraplana\/wp-json\/wp\/v2\/comments?post=557"}],"version-history":[{"count":0,"href":"https:\/\/blogs.laverdad.es\/primeraplana\/wp-json\/wp\/v2\/posts\/557\/revisions"}],"wp:attachment":[{"href":"https:\/\/blogs.laverdad.es\/primeraplana\/wp-json\/wp\/v2\/media?parent=557"}],"wp:term":[{"taxonomy":"category","embeddable":true,"href":"https:\/\/blogs.laverdad.es\/primeraplana\/wp-json\/wp\/v2\/categories?post=557"},{"taxonomy":"post_tag","embeddable":true,"href":"https:\/\/blogs.laverdad.es\/primeraplana\/wp-json\/wp\/v2\/tags?post=557"}],"curies":[{"name":"wp","href":"https:\/\/api.w.org\/{rel}","templated":true}]}}