{"id":559,"date":"2014-05-11T09:28:41","date_gmt":"2014-05-11T07:28:41","guid":{"rendered":"http:\/\/blogs.laverdad.es\/primeraplana\/?p=559"},"modified":"2014-05-11T09:28:41","modified_gmt":"2014-05-11T07:28:41","slug":"el-epicentro-del-dolor","status":"publish","type":"post","link":"https:\/\/blogs.laverdad.es\/primeraplana\/2014\/05\/11\/el-epicentro-del-dolor\/","title":{"rendered":"El epicentro del dolor"},"content":{"rendered":"<p>All\u00ed donde habita el olvido, entre la niebla y la ausencia de la que hablaba el poeta Luis Cernuda, ir\u00e1n desvaneci\u00e9ndose las im\u00e1genes de una ciudad devastada hace tres a\u00f1os por la furia de la tierra. Sin embargo, a\u00fan se tardar\u00e1 tiempo en convertir todo lo acontecido en una oscura y lejana pesadilla. Pese a lo mucho hecho, a\u00fan queda mucho por hacer, como certeramente informaba ayer en nuestras p\u00e1ginas la periodista Pilar Wals. Y al final siempre quedar\u00e1n heridas muy dif\u00edciles de resta\u00f1ar porque hubo nueve vidas cercenadas por aquellos dram\u00e1ticos terremotos. En este tercer aniversario del desastre hemos querido hablar con quienes han guardado silencio desde aquel 11 de mayo: las familias de las v\u00edctimas mortales, el epicentro del dolor. Ninguna de las innumerables tragedias personales vividas en Lorca es comparable a la sufrida por estos hombres y mujeres, con quienes hemos compartido recuerdos, sentimientos y anhelos, desde el mayor de los respetos. Nuestros compa\u00f1eros Ricardo Fern\u00e1ndez y Enrique Mart\u00ednez Bueso han recorrido el itinerario humano m\u00e1s punzante de Lorca para rendir homenaje a los ausentes y mantener viva su memoria. En este viaje nos han acompa\u00f1ado la pintora Cantabella, el fot\u00f3grafo Paco Salinas y el poeta Soren Pe\u00f1alver, que plasman su particular visi\u00f3n de nuestra querida ciudad. Los textos e im\u00e1genes que hoy publicamos pretenden tambi\u00e9n recordar a todos los que se volcaron en su d\u00eda con Lorca que la tarea no ha terminado. Adem\u00e1s de los que perdieron a sus seres queridos, hay otros muchos lorquinos que aguardan el regreso a casa o que no pueden escolarizar a sus hijos en el instituto donde estudiaban. El esfuerzo debe continuar. A\u00fan falta por levantar un instituto de secundaria, el principal centro de salud y el complejo deportivo. Mientras, la burocracia persiste, ralentizando la concesi\u00f3n de las ayudas a los alquileres y la recuperaci\u00f3n de algunas zonas y barrios de la ciudad. Se ha avanzado mucho en rehabilitaci\u00f3n de viviendas y en recuperaci\u00f3n del patrimonio, pero lo cierto es que solo hemos superado el ecuador de la reconstrucci\u00f3n. Y conviene no olvidar que el tiempo no discurre igual para quienes esperan volver a su hogar despu\u00e9s de tres a\u00f1os que para quien solo somos espectadores de un drama ajeno. Lorca debe seguir siendo un objetivo estrat\u00e9gico de la Regi\u00f3n, en deuda con una luminosa y pujante ciudad que siempre fue uno de sus principales motores. A\u00fan debemos corresponder con la m\u00e1xima generosidad a esa lecci\u00f3n de entereza y solidaridad que los lorquinos exhibieron a todo el pa\u00eds. Hoy, cientos de personas saldr\u00e1n a las calles para participar en la competici\u00f3n solidaria &#8216;Corre X Lorca&#8217;. Y eso es lo que deber\u00edamos hacer todos en el \u00e1mbito de nuestras responsabilidades y posibilidades, correr con cabeza y coraz\u00f3n a mayor ritmo para recuperar la normalidad cuanto antes. Lorca empieza a sonreir y a recuperar el \u00e1nimo, pero solo a medias.<\/p>\n","protected":false},"excerpt":{"rendered":"<p>All\u00ed donde habita el olvido, entre la niebla y la ausencia de la que hablaba el poeta Luis Cernuda, ir\u00e1n desvaneci\u00e9ndose las im\u00e1genes de una ciudad devastada hace tres a\u00f1os por la furia de la tierra. Sin embargo, a\u00fan se tardar\u00e1 tiempo en convertir todo lo acontecido en una oscura y lejana pesadilla. Pese a [&hellip;]<\/p>\n","protected":false},"author":11,"featured_media":0,"comment_status":"closed","ping_status":"open","sticky":false,"template":"","format":"standard","meta":[],"categories":[3],"tags":[],"_links":{"self":[{"href":"https:\/\/blogs.laverdad.es\/primeraplana\/wp-json\/wp\/v2\/posts\/559"}],"collection":[{"href":"https:\/\/blogs.laverdad.es\/primeraplana\/wp-json\/wp\/v2\/posts"}],"about":[{"href":"https:\/\/blogs.laverdad.es\/primeraplana\/wp-json\/wp\/v2\/types\/post"}],"author":[{"embeddable":true,"href":"https:\/\/blogs.laverdad.es\/primeraplana\/wp-json\/wp\/v2\/users\/11"}],"replies":[{"embeddable":true,"href":"https:\/\/blogs.laverdad.es\/primeraplana\/wp-json\/wp\/v2\/comments?post=559"}],"version-history":[{"count":0,"href":"https:\/\/blogs.laverdad.es\/primeraplana\/wp-json\/wp\/v2\/posts\/559\/revisions"}],"wp:attachment":[{"href":"https:\/\/blogs.laverdad.es\/primeraplana\/wp-json\/wp\/v2\/media?parent=559"}],"wp:term":[{"taxonomy":"category","embeddable":true,"href":"https:\/\/blogs.laverdad.es\/primeraplana\/wp-json\/wp\/v2\/categories?post=559"},{"taxonomy":"post_tag","embeddable":true,"href":"https:\/\/blogs.laverdad.es\/primeraplana\/wp-json\/wp\/v2\/tags?post=559"}],"curies":[{"name":"wp","href":"https:\/\/api.w.org\/{rel}","templated":true}]}}