{"id":564,"date":"2014-05-18T09:50:48","date_gmt":"2014-05-18T07:50:48","guid":{"rendered":"http:\/\/blogs.laverdad.es\/primeraplana\/?p=564"},"modified":"2014-05-18T09:50:48","modified_gmt":"2014-05-18T07:50:48","slug":"jaque-al-bipartidismo","status":"publish","type":"post","link":"https:\/\/blogs.laverdad.es\/primeraplana\/2014\/05\/18\/jaque-al-bipartidismo\/","title":{"rendered":"Jaque al bipartidismo"},"content":{"rendered":"<p>El sondeo electoral del Cemop que presentamos hoy avanza un escenario de fuerte castigo a los partidos mayoritarios en los comicios europeos del pr\u00f3ximo domingo. Con una abstenci\u00f3n en torno al 55%, casi un tercio de los votos ir\u00edan a parar a UPyD, IU y nuevos partidos minoritarios, de celebrarse hoy las elecciones. No obstante, seg\u00fan la estimaci\u00f3n de voto arrojada por la encuesta, el PP vencer\u00e1 el domingo con holgura pese a que podr\u00eda perder en la Regi\u00f3n casi la mitad de los votantes que tuvo en las \u00faltimas legislativas. Para el PSOE, los pron\u00f3sticos son especialmente preocupantes. A d\u00eda de hoy, retroceder\u00eda diez puntos desde las \u00faltimas europeas y tres d\u00e9cimas desde las legislativas. Aunque a\u00fan restan seis d\u00edas de campa\u00f1a y los resultados que definitivamente cuentan son los que deparar\u00e1 el recuento del d\u00eda 25, todo indica que el escenario final reflejar\u00e1 el desplome de los grandes y una creciente fragmentaci\u00f3n del voto, con UPyD e IU en vertiginoso ascenso y la irrupci\u00f3n de peque\u00f1as formaciones emergentes. La hegemon\u00eda del PP a\u00fan es s\u00f3lida en la Regi\u00f3n porque viene de muy arriba. Duplica en intenci\u00f3n directa de voto al PSOE y quienes le retiran el respaldo se refugian sobre todo en la abstenci\u00f3n. Se beneficia adem\u00e1s de la ya pertinaz debilidad de los socialistas en la Regi\u00f3n y de una especie de barrera ideol\u00f3gica que le hace ganar elecci\u00f3n tras elecci\u00f3n sin apenas oposici\u00f3n, pese a que en las encuestas obtiene un suspenso tras otro en la valoraci\u00f3n de la acci\u00f3n de gobierno durante los \u00faltimos tres a\u00f1os. De hecho, si las urnas confirman los datos de la encuesta, el PP vencer\u00e1 con nitidez aunque sufrir\u00e1 la mayor ca\u00edda y puede tener el peor resultado desde 1993 en la Regi\u00f3n. La perspectiva para el PSOE es muy delicada. Si no mejora sus expectativas cosechar\u00eda, con el 20,6% de los votos, su resultado m\u00e1s negativo desde el inicio de la democracia. El bipartidismo est\u00e1 tocado en la Regi\u00f3n y se vislumbra un nuevo mapa pol\u00edtico donde actores marginales hasta ahora, como UPyD e IU, pueden tener el peso suficiente para ser decisivos en hipot\u00e9ticas alianzas. La extrapolaci\u00f3n de resultados de las europeas a las auton\u00f3micas de 2015 deber\u00e1 hacerse tras el 25M con suma cautela porque la ley electoral y las cinco circunscripciones benefician a los dos mayoritarios. Dicho eso, el desgaste de los grandes y el ascenso de los peque\u00f1os puede deparar sorpresas relevantes en futuras convocatorias regionales, con nuevos cabezas de lista que son, a priori, toda una inc\u00f3gnita electoral. Es cierto que la evoluci\u00f3n de la econom\u00eda y del paro ser\u00e1n factores de peso en pr\u00f3ximos comicios, pero los sondeos lanzan una n\u00edtida advertencia a quienes hoy gobiernan y a quienes se alejan un poco m\u00e1s de erigirse en alternativa. Pese al af\u00e1n por diferenciar sus programas y su modo de gestionar la crisis, PP y PSOE pagan, en diferente grado, el desafecto hacia la clase pol\u00edtica de una ciudadan\u00eda muy desencantada y, lamentablemente, menos dispuesta a ejercer su derecho al voto.<\/p>\n<p>&nbsp;<\/p>\n","protected":false},"excerpt":{"rendered":"<p>El sondeo electoral del Cemop que presentamos hoy avanza un escenario de fuerte castigo a los partidos mayoritarios en los comicios europeos del pr\u00f3ximo domingo. Con una abstenci\u00f3n en torno al 55%, casi un tercio de los votos ir\u00edan a parar a UPyD, IU y nuevos partidos minoritarios, de celebrarse hoy las elecciones. No obstante, [&hellip;]<\/p>\n","protected":false},"author":11,"featured_media":0,"comment_status":"closed","ping_status":"open","sticky":false,"template":"","format":"standard","meta":[],"categories":[36],"tags":[],"_links":{"self":[{"href":"https:\/\/blogs.laverdad.es\/primeraplana\/wp-json\/wp\/v2\/posts\/564"}],"collection":[{"href":"https:\/\/blogs.laverdad.es\/primeraplana\/wp-json\/wp\/v2\/posts"}],"about":[{"href":"https:\/\/blogs.laverdad.es\/primeraplana\/wp-json\/wp\/v2\/types\/post"}],"author":[{"embeddable":true,"href":"https:\/\/blogs.laverdad.es\/primeraplana\/wp-json\/wp\/v2\/users\/11"}],"replies":[{"embeddable":true,"href":"https:\/\/blogs.laverdad.es\/primeraplana\/wp-json\/wp\/v2\/comments?post=564"}],"version-history":[{"count":0,"href":"https:\/\/blogs.laverdad.es\/primeraplana\/wp-json\/wp\/v2\/posts\/564\/revisions"}],"wp:attachment":[{"href":"https:\/\/blogs.laverdad.es\/primeraplana\/wp-json\/wp\/v2\/media?parent=564"}],"wp:term":[{"taxonomy":"category","embeddable":true,"href":"https:\/\/blogs.laverdad.es\/primeraplana\/wp-json\/wp\/v2\/categories?post=564"},{"taxonomy":"post_tag","embeddable":true,"href":"https:\/\/blogs.laverdad.es\/primeraplana\/wp-json\/wp\/v2\/tags?post=564"}],"curies":[{"name":"wp","href":"https:\/\/api.w.org\/{rel}","templated":true}]}}