{"id":569,"date":"2014-05-25T07:42:41","date_gmt":"2014-05-25T05:42:41","guid":{"rendered":"http:\/\/blogs.laverdad.es\/primeraplana\/?p=569"},"modified":"2014-05-25T07:42:41","modified_gmt":"2014-05-25T05:42:41","slug":"votar-para-hacer-europa","status":"publish","type":"post","link":"https:\/\/blogs.laverdad.es\/primeraplana\/2014\/05\/25\/votar-para-hacer-europa\/","title":{"rendered":"Votar para hacer Europa"},"content":{"rendered":"<p>Cuando Ortega acu\u00f1\u00f3 su c\u00e9lebre cita &#8216;Espa\u00f1a es el problema, Europa la soluci\u00f3n&#8217;, sintetiz\u00f3 el sentir pol\u00edtico de una l\u00facida generaci\u00f3n de pensadores y pol\u00edticos (Aza\u00f1a, Madariaga, Besteiro&#8230;) que ve\u00edan en el europe\u00edsmo la \u00fanica oportunidad para la modernizaci\u00f3n y el progreso de nuestro pa\u00eds. De forma siempre atinada, el soci\u00f3logo Emilio Lamo de Espinosa recuerda que esta idea germin\u00f3 tras la muerte de Franco, pero con la particularidad de que nuestro europe\u00edsmo siempre fue de venida, nunca de ida. En otras palabras, quer\u00edamos que Europa viniera a nosotros para salvarnos de nuestro secular atraso, pero sin ninguna vocaci\u00f3n de proyectarnos hacia el exterior. Pretend\u00edamos \u00abser Europa\u00bb,\u00a0 m\u00e1s que \u00abhacer Europa\u00bb. Con nuestra incorporaci\u00f3n a la UE, dimos un primer paso significativo hacia la normalizaci\u00f3n. Empezamos a encajar y a participar. Sin embargo, a\u00fan hay un poso importante de ese europe\u00edsmo introspectivo y unidireccional. Y eso en parte explica por qu\u00e9 durante la campa\u00f1a el debate partidista deriv\u00f3 hacia asuntos dom\u00e9sticos, orillando lo que est\u00e1 en juego en esta cita y acentuando as\u00ed la indiferencia de una ciudadan\u00eda distanciada de las instituciones comunitarias. Si no fallan los sondeos es muy probable que veamos hoy una gran abstenci\u00f3n en las urnas. Al desafecto hacia la clase pol\u00edtica se suma una dura gesti\u00f3n de la crisis desde Bruselas, muy cuestionada adem\u00e1s por su burocracia, complicada gobernanza y sus estrategias controvertidas en algunos asuntos p\u00fablicos. Pero abstenerse de acudir a las urnas supone una renuncia al que sigue siendo el proyecto pol\u00edtico m\u00e1s exitoso de la historia contempor\u00e1nea, la construcci\u00f3n de la Europa de los ciudadanos. Si ha existido una abdicaci\u00f3n de los valores que inspiraron la construcci\u00f3n europea, este es el momento de recuperarlos democr\u00e1ticamente y no de dejar en manos de totalitarios y xen\u00f3fobos esa oportunidad largamente buscada para dinamitar el edificio com\u00fan. Ha sido la presencia activa en los espacios de decisi\u00f3n de la UE lo que nos ha permitido mejorar las infraestructuras, proteger el medio ambiente, velar por la competitividad y la seguridad jur\u00eddica, defender los derechos humanos all\u00ed donde est\u00e9n amenazados, proteger a los consumidores frente a los abusos, avanzar en ciencia y tecnolog\u00eda, y enviar con becas a nuestros hijos para que puedan completar su formaci\u00f3n en Berl\u00edn, Londres o Amsterdam. Optar por la pasividad, por limitarnos a \u00abser Europa\u00bb, significa asumir todos los deberes que comporta nuestra pertenencia a la UE y abdicar de la posibilidad de defender los intereses de Espa\u00f1a y del derecho a que cada una de nuestras opiniones sean o\u00eddas. Todas las opciones son leg\u00edtimas (abstenerse o votar, incluido en blanco), pero, a mi juicio, no todas son igual de inteligentes y responsables. Podemos mirar hacia otro lado, pero eso no cambiar\u00e1 el enorme peso de lo que se decide en el Europarlamento sobre nuestras vidas. Hacer Europa es hacer Regi\u00f3n, y viceversa.<\/p>\n","protected":false},"excerpt":{"rendered":"<p>Cuando Ortega acu\u00f1\u00f3 su c\u00e9lebre cita &#8216;Espa\u00f1a es el problema, Europa la soluci\u00f3n&#8217;, sintetiz\u00f3 el sentir pol\u00edtico de una l\u00facida generaci\u00f3n de pensadores y pol\u00edticos (Aza\u00f1a, Madariaga, Besteiro&#8230;) que ve\u00edan en el europe\u00edsmo la \u00fanica oportunidad para la modernizaci\u00f3n y el progreso de nuestro pa\u00eds. De forma siempre atinada, el soci\u00f3logo Emilio Lamo de Espinosa [&hellip;]<\/p>\n","protected":false},"author":11,"featured_media":0,"comment_status":"closed","ping_status":"open","sticky":false,"template":"","format":"standard","meta":[],"categories":[3],"tags":[],"_links":{"self":[{"href":"https:\/\/blogs.laverdad.es\/primeraplana\/wp-json\/wp\/v2\/posts\/569"}],"collection":[{"href":"https:\/\/blogs.laverdad.es\/primeraplana\/wp-json\/wp\/v2\/posts"}],"about":[{"href":"https:\/\/blogs.laverdad.es\/primeraplana\/wp-json\/wp\/v2\/types\/post"}],"author":[{"embeddable":true,"href":"https:\/\/blogs.laverdad.es\/primeraplana\/wp-json\/wp\/v2\/users\/11"}],"replies":[{"embeddable":true,"href":"https:\/\/blogs.laverdad.es\/primeraplana\/wp-json\/wp\/v2\/comments?post=569"}],"version-history":[{"count":0,"href":"https:\/\/blogs.laverdad.es\/primeraplana\/wp-json\/wp\/v2\/posts\/569\/revisions"}],"wp:attachment":[{"href":"https:\/\/blogs.laverdad.es\/primeraplana\/wp-json\/wp\/v2\/media?parent=569"}],"wp:term":[{"taxonomy":"category","embeddable":true,"href":"https:\/\/blogs.laverdad.es\/primeraplana\/wp-json\/wp\/v2\/categories?post=569"},{"taxonomy":"post_tag","embeddable":true,"href":"https:\/\/blogs.laverdad.es\/primeraplana\/wp-json\/wp\/v2\/tags?post=569"}],"curies":[{"name":"wp","href":"https:\/\/api.w.org\/{rel}","templated":true}]}}