{"id":571,"date":"2014-05-26T08:33:48","date_gmt":"2014-05-26T06:33:48","guid":{"rendered":"http:\/\/blogs.laverdad.es\/primeraplana\/?p=571"},"modified":"2014-05-26T08:33:48","modified_gmt":"2014-05-26T06:33:48","slug":"victoria-amarga-del-pp","status":"publish","type":"post","link":"https:\/\/blogs.laverdad.es\/primeraplana\/2014\/05\/26\/victoria-amarga-del-pp\/","title":{"rendered":"Victoria amarga del PP"},"content":{"rendered":"<div id=\"divBdy\">\n<div>\n<div>\n<div>Triunfo amargo para el PP en la Regi\u00f3n de Murcia. Se consum\u00f3 el avance de las peque\u00f1as formaciones, la fragmentaci\u00f3n del voto y el duro rev\u00e9s para el bipartidismo, producto del desafecto pol\u00edtico, aunque fueron los populares quienes sufrieron anoche el castigo m\u00e1s duro. Desde 1991, el partido liderado por Valc\u00e1rcel no hab\u00eda obtenido un respaldo tan bajo en las urnas. Del 61,5% en las europeas de 2009 ha pasado al 37%. Respecto a las auton\u00f3micas de 2011, la ca\u00edda del PP es de m\u00e1s de 21 puntos. Ahora, la brecha con el PSOE queda reducida a\u00a0 17 puntos, lo que puede hacer saltar las alarmas entre los populares de cara a unas auton\u00f3micas en las que tendr\u00e1n un nuevo cabeza de cartel. El \u00fanico elemento de tranquilidad para los populares es que el PSOE no sube sino que baja cuando ellos sufren el peor de sus resultados en dos d\u00e9cadas. Es m\u00e1s, los socialistas murcianos sacan su peor porcentaje de votos desde el inicio de la democracia.<br \/>\nValc\u00e1rcel se va a Europa con sabor agridulce. Se volc\u00f3 en la Regi\u00f3n durante la campa\u00f1a como si fueran unas auton\u00f3micas y el resultado debe resultarle decepcionante. La abstenci\u00f3n puede haber influido, pero tambi\u00e9n la fuga de buena parte de sus votantes hacia UPyD, Vox y Ciudadanos. Todo ello tendr\u00e1 lecturas internas en un PP regional, cuyo tr\u00e1nsito hacia un nuevo liderazgo est\u00e1 resultando cuanto menos turbulento. La m\u00e1quina de ganar elecciones muestra por primera vez una debilidad preocupante y cobra fuerza la posible p\u00e9rdida de la mayor\u00eda absoluta en la Asamblea en 2015.<br \/>\nLos grandes ganadores de la jornada fueron los partidos peque\u00f1os, con IU y UPyD triplicando sus resultados de hace cinco a\u00f1os. La atomizaci\u00f3n del voto result\u00f3 mucho mayor de la esperada. Casi la mitad de las papeletas fueron para formaciones de peque\u00f1o tama\u00f1o. En l\u00ednea con lo sucedido a nivel nacional, destaca la irrupci\u00f3n de Podemos, el nuevo partido liderado por Pablo Iglesias, que se convierte en la quinta formaci\u00f3n a nivel regional con el 7,59% de los votos.<\/div>\n<\/div>\n<\/div>\n<\/div>\n","protected":false},"excerpt":{"rendered":"<p>Triunfo amargo para el PP en la Regi\u00f3n de Murcia. Se consum\u00f3 el avance de las peque\u00f1as formaciones, la fragmentaci\u00f3n del voto y el duro rev\u00e9s para el bipartidismo, producto del desafecto pol\u00edtico, aunque fueron los populares quienes sufrieron anoche el castigo m\u00e1s duro. Desde 1991, el partido liderado por Valc\u00e1rcel no hab\u00eda obtenido un [&hellip;]<\/p>\n","protected":false},"author":11,"featured_media":0,"comment_status":"closed","ping_status":"open","sticky":false,"template":"","format":"standard","meta":[],"categories":[3],"tags":[],"_links":{"self":[{"href":"https:\/\/blogs.laverdad.es\/primeraplana\/wp-json\/wp\/v2\/posts\/571"}],"collection":[{"href":"https:\/\/blogs.laverdad.es\/primeraplana\/wp-json\/wp\/v2\/posts"}],"about":[{"href":"https:\/\/blogs.laverdad.es\/primeraplana\/wp-json\/wp\/v2\/types\/post"}],"author":[{"embeddable":true,"href":"https:\/\/blogs.laverdad.es\/primeraplana\/wp-json\/wp\/v2\/users\/11"}],"replies":[{"embeddable":true,"href":"https:\/\/blogs.laverdad.es\/primeraplana\/wp-json\/wp\/v2\/comments?post=571"}],"version-history":[{"count":0,"href":"https:\/\/blogs.laverdad.es\/primeraplana\/wp-json\/wp\/v2\/posts\/571\/revisions"}],"wp:attachment":[{"href":"https:\/\/blogs.laverdad.es\/primeraplana\/wp-json\/wp\/v2\/media?parent=571"}],"wp:term":[{"taxonomy":"category","embeddable":true,"href":"https:\/\/blogs.laverdad.es\/primeraplana\/wp-json\/wp\/v2\/categories?post=571"},{"taxonomy":"post_tag","embeddable":true,"href":"https:\/\/blogs.laverdad.es\/primeraplana\/wp-json\/wp\/v2\/tags?post=571"}],"curies":[{"name":"wp","href":"https:\/\/api.w.org\/{rel}","templated":true}]}}