{"id":574,"date":"2014-06-01T07:18:02","date_gmt":"2014-06-01T05:18:02","guid":{"rendered":"http:\/\/blogs.laverdad.es\/primeraplana\/?p=574"},"modified":"2014-06-01T07:18:02","modified_gmt":"2014-06-01T05:18:02","slug":"partitocracia-y-populismo","status":"publish","type":"post","link":"https:\/\/blogs.laverdad.es\/primeraplana\/2014\/06\/01\/partitocracia-y-populismo\/","title":{"rendered":"Partitocracia y populismo"},"content":{"rendered":"<p>En todos los partidos pol\u00edticos hay un n\u00facleo duro, un reducido n\u00famero de dirigentes que dominan la vida interna y marcan el rumbo en torno a la figura de un l\u00edder. En ese &#8216;c\u00edrculo interno&#8217; o &#8216;coalici\u00f3n dominante&#8217;, como lo llamaban los polit\u00f3logos Maurice Duverger y Angelo Panebianco, el l\u00edder mantiene la cohesi\u00f3n con incentivos colectivos y selectivos. Si el partido est\u00e1 dirigido por un hiperl\u00edder, a \u00e9ste le basta con avivar las expectativas de futuro de cada miembro para mantener la unidad y la concordia. Legitimado por sucesivas victorias en las que romp\u00eda el techo electoral del PP, Valc\u00e1rcel supo manejar como pocos ese juego de incentivos y expectativas hasta que lleg\u00f3 su proceso de sucesi\u00f3n y su dedo, previamente orientado hacia una terna, apunt\u00f3 finalmente fuera del &#8216;c\u00edrculo interno&#8217;, para desconcierto de parte de sus cuadros intermedios, militantes y en general de la sociedad murciana, que no entendi\u00f3 nada. Y casi sin soluci\u00f3n de continuidad llega el 25M y el PP, con Valc\u00e1rcel volcado en la campa\u00f1a, vence con holgura, pero con el peor resultado desde 1991, un desplome de 24 puntos en las urnas. En cualquier otra formaci\u00f3n, el candidato habr\u00eda pasado un mal trago ante los suyos, pero el PP regional empieza a ser un caso singular digno de estudio. En la pasada Junta Directiva, donde se congregaron unos 300 dirigentes regionales y locales, no hubo atisbo de autocr\u00edtica por parte de la c\u00fapula. Y cuando los alcaldes y ped\u00e1neos pidieron m\u00e1s conexi\u00f3n con la calle y mejor comunicaci\u00f3n pol\u00edtica, lo que sobrevino fue una clara advertencia de Valc\u00e1rcel de que no tolerar\u00e1 disensiones. Visto lo ocurrido con Juan Bernal, los presentes captaron el mensaje. Desde fuera, esa llamada a apretar filas y a callar la boca, evoca a las fil\u00edpicas de los entrenadores que controlan ferreamente el vestuario. Pero eso no cambia la realidad: el 25M ha sido un claro aviso al PP regional. Gan\u00f3 el partido por la debilidad contumaz del principal rival, pero sin un esquema de juego ni proyecto definido de futuro, con casi 130.000 adeptos que le han dado la espalda y ofreciendo espect\u00e1culo donde no debe, con nombramientos frustrados o inveros\u00edmiles para recolocar a excompa\u00f1eros de viaje, mantener peque\u00f1os privilegios terrenales o adquirir blindajes judiciales. Al PP regional le est\u00e1 pasando como al Real Madrid de Mou, que vence sin convencer y con el riesgo de generar antipat\u00eda incluso en sus votantes tradicionales. Y todo ello en medio de una oleada de hast\u00edo ciudadano con la clase pol\u00edtica y su creciente deriva partitocr\u00e1tica, que es lo que reflejaban los bar\u00f3metros del CIS y ahora la suma de la abstenci\u00f3n con el voto de castigo a los dos grandes. Los partidos pol\u00edticos son un instrumento imprescindible para la democracia pero, como se\u00f1al\u00f3 hace un siglo el soci\u00f3logo Robert Michels, son parod\u00f3jicamente instituciones poco democr\u00e1ticas en su funcionamiento interno. Si no se regeneran con rapidez, ir\u00e1n en retroceso y avanzar\u00e1n las formaciones populistas y radicales.<\/p>\n","protected":false},"excerpt":{"rendered":"<p>En todos los partidos pol\u00edticos hay un n\u00facleo duro, un reducido n\u00famero de dirigentes que dominan la vida interna y marcan el rumbo en torno a la figura de un l\u00edder. En ese &#8216;c\u00edrculo interno&#8217; o &#8216;coalici\u00f3n dominante&#8217;, como lo llamaban los polit\u00f3logos Maurice Duverger y Angelo Panebianco, el l\u00edder mantiene la cohesi\u00f3n con incentivos [&hellip;]<\/p>\n","protected":false},"author":11,"featured_media":0,"comment_status":"closed","ping_status":"open","sticky":false,"template":"","format":"standard","meta":[],"categories":[36],"tags":[],"_links":{"self":[{"href":"https:\/\/blogs.laverdad.es\/primeraplana\/wp-json\/wp\/v2\/posts\/574"}],"collection":[{"href":"https:\/\/blogs.laverdad.es\/primeraplana\/wp-json\/wp\/v2\/posts"}],"about":[{"href":"https:\/\/blogs.laverdad.es\/primeraplana\/wp-json\/wp\/v2\/types\/post"}],"author":[{"embeddable":true,"href":"https:\/\/blogs.laverdad.es\/primeraplana\/wp-json\/wp\/v2\/users\/11"}],"replies":[{"embeddable":true,"href":"https:\/\/blogs.laverdad.es\/primeraplana\/wp-json\/wp\/v2\/comments?post=574"}],"version-history":[{"count":0,"href":"https:\/\/blogs.laverdad.es\/primeraplana\/wp-json\/wp\/v2\/posts\/574\/revisions"}],"wp:attachment":[{"href":"https:\/\/blogs.laverdad.es\/primeraplana\/wp-json\/wp\/v2\/media?parent=574"}],"wp:term":[{"taxonomy":"category","embeddable":true,"href":"https:\/\/blogs.laverdad.es\/primeraplana\/wp-json\/wp\/v2\/categories?post=574"},{"taxonomy":"post_tag","embeddable":true,"href":"https:\/\/blogs.laverdad.es\/primeraplana\/wp-json\/wp\/v2\/tags?post=574"}],"curies":[{"name":"wp","href":"https:\/\/api.w.org\/{rel}","templated":true}]}}