{"id":575,"date":"2014-06-03T01:24:55","date_gmt":"2014-06-02T23:24:55","guid":{"rendered":"http:\/\/blogs.laverdad.es\/primeraplana\/?p=575"},"modified":"2014-06-03T01:24:55","modified_gmt":"2014-06-02T23:24:55","slug":"el-ultimo-servicio-a-espana","status":"publish","type":"post","link":"https:\/\/blogs.laverdad.es\/primeraplana\/2014\/06\/03\/el-ultimo-servicio-a-espana\/","title":{"rendered":"El \u00faltimo servicio a Espa\u00f1a"},"content":{"rendered":"<p><strong>No estamos ante un simple relevo sino ante un cambio trascendental para abrir una etapa en la instituci\u00f3n mon\u00e1rquica con un decidido impulso regenerador<\/strong><\/p>\n<p>Los momentos de tensi\u00f3n e incertidumbre vividos mientras el cohete Ariane ascend\u00eda al espacio desde la selva de la Guayana francesa acabaron con un estallido de alegr\u00eda en la Sala J\u00fapiter del centro espacial de Kourou. A las 8.22 hora local, la 1.22 de la madrugada en Espa\u00f1a del 11 de septiembre de 1992, el jefe de operaciones acaba de anunciar la puesta en \u00f3rbita del primer sat\u00e9lite espa\u00f1ol, el &#8216;Hispasat 1A&#8217;. Los enviados especiales transmitimos las cr\u00f3nicas a nuestros peri\u00f3dicos y nos dirigimos a la sala de prensa para recabar las declaraciones del ministro de Obras P\u00fablicas y Transportes, Jos\u00e9 Borrell, y de la secretaria general de Comunicaciones, Elena Salgado. La sorpresa lleg\u00f3 cuando Borrell compareci\u00f3 acompa\u00f1ado por el Pr\u00edncipe de Asturias, que encabezaba la delegaci\u00f3n espa\u00f1ola, alrededor de un centenar de representantes de la Administraci\u00f3n y la industria espa\u00f1ola. Era la primera vez que Don Felipe respond\u00eda directamente a preguntas de un grupo de periodistas, como aquella noche nos record\u00f3, con mucho \u00e9nfasis, Carmen Enr\u00edquez, la periodista de RTVE que segu\u00eda la actividad diaria de la Casa del Rey. Y Don Felipe lo hizo con una madurez y seguridad impropia de un joven de solo 24 a\u00f1os. Solo unas semanas antes, hab\u00eda sido el abanderado del equipo espa\u00f1ol en los Juegos de Barcelona, el gran hito de 1992 junto a la Expo de Sevilla. El lanzamiento del &#8216;Hispasat&#8217; no hac\u00eda sino coronar un a\u00f1o m\u00e1gico para Espa\u00f1a, un a\u00f1o en el que la proyecci\u00f3n de Don Felipe adquiri\u00f3 una dimensi\u00f3n hasta entonces desconocida.<br \/>\nVeintid\u00f3s a\u00f1os despu\u00e9s, en unas circunstancias pol\u00edticas, sociales y econ\u00f3micas diametralmente opuestas, el primog\u00e9nito de Don Juan Carlos encara ahora el momento crucial para el que se ha preparado durante las \u00faltimas d\u00e9cadas. En un \u00faltimo servicio a Espa\u00f1a, el Rey hizo ayer de nuevo historia al anunciar que abdica en su hijo para garantizar la \u00abestabilidad\u00bb, \u00abse\u00f1a de identidad de la instituci\u00f3n mon\u00e1rquica\u00bb. Mermado por su debilitada salud, cumplidos ya los 76 a\u00f1os, Don Juan Carlos pone fin a un reinado donde son muchos m\u00e1s abundantes los aciertos que los errores. Y lo hace con una decisi\u00f3n regida por los mismos principios de servicio a Espa\u00f1a y a la Corona que inspiraron a Don Juan de Borb\u00f3n cuando en 1997 renunci\u00f3 oficialmente a sus derechos din\u00e1sticos en favor de su hijo Juan Carlos. No se equivoca el Rey cuando, en la peor crisis social del pa\u00eds en d\u00e9cadas, tambi\u00e9n para la instituci\u00f3n mon\u00e1rquica, decide dar paso a Don Felipe y con \u00e9l a una generaci\u00f3n m\u00e1s joven y decidida -como dijo Don Juan Carlos- \u00aba emprender con determinaci\u00f3n las transformaciones y reformas que la coyuntura actual est\u00e1 demandando\u00bb.<br \/>\nSe podr\u00e1 cuestionar el momento preciso del relevo, en pleno desaf\u00edo independentista catal\u00e1n y con la preocupante crisis pol\u00edtica acentuada por el retroceso electoral de los grandes partidos. Sin duda, estamos ante uno de los momentos m\u00e1s delicados de la democracia espa\u00f1ola. Pero por ese mismo motivo, y as\u00ed lo habr\u00eda entendido el Rey, resultaba urgente reforzar la Monarqu\u00eda parlamentaria ante un horizonte incierto, una tarea que solo pod\u00eda culminarse con la abdicaci\u00f3n. De ah\u00ed la insistencia de Don Juan Carlos en su mensaje televisado de que el Pr\u00edncipe de Asturias representa \u00abestabilidad\u00bb para la Corona y para el pa\u00eds. Es la misma opci\u00f3n escogida por otras monarqu\u00edas constitucionales europeas, como Holanda y B\u00e9lgica, en parecidas tesituras.<br \/>\nHaber postergado esta decisi\u00f3n a despu\u00e9s de las elecciones generales de 2015 habr\u00eda sido enfrentarse al v\u00e9rtigo de un Parlamento posiblemente muy dividido, si contin\u00faan o se agudizan las tendencias electorales que lastran a los dos principales partidos del Parlamento. No estamos ante una decisi\u00f3n improvisada. Don Juan Carlos dijo ayer que empez\u00f3 a sopesar la abdicaci\u00f3n en enero pasado, a la vista de las complicaciones limitantes surgidas tras las distintas operaciones a la que hab\u00eda sido sometido. Ya el a\u00f1o pasado, justo cuando arreciaba el &#8216;caso Noos&#8217; por la imputaci\u00f3n de I\u00f1aki Urdangarin y la llamada a declarar de la infanta Do\u00f1a Cristina, hubo indicios de que la renuncia al trono era una de las salidas m\u00e1s plausibles para la incuestionable crisis originada por la reprobable conducta del yerno del Rey. Es indiscutible la trascendencia y el impacto de la noticia transmitida en directo desde Zarzuela por Rajoy, pero todo indica que el relevo en la Corona se har\u00e1 con tranquilidad y normalidad democr\u00e1tica.<br \/>\nEl debate entre Monarqu\u00eda y Rep\u00fablica, suscitado por IU y otras formaciones a la izquierda del PSOE, es tan leg\u00edtimo como inoportuno. Suficientes problemas reales atraviesa el pa\u00eds en esta etapa cr\u00edtica de nuestra vida en com\u00fan. La monarqu\u00eda parlamentaria y constitucional es la opci\u00f3n de pa\u00edses tan democr\u00e1ticos como el Reino Unido o los pa\u00edses n\u00f3rdicos, donde pervive no por razones de tradici\u00f3n, sino de utilidad. En el marco constitucional espa\u00f1ol, la jefatura del Estado re\u00fane en la figura del Rey todas las garant\u00edas precisas para blindar a la m\u00e1s alta instituci\u00f3n del juego de intereses partidistas. Don Felipe, muy pronto Felipe VI, estar\u00e1 a la altura de las circunstancias hist\u00f3ricas, que exigen de un impulso en todas las instancias del Estado para avanzar en cuantas reformas pol\u00edticas y econ\u00f3micas sean necesarias para mejorar la calidad de nuestra democracia. El Pr\u00edncipe es garant\u00eda de futuro y de estabilidad. Aquel joven que ya representaba brillantemente a Espa\u00f1a hace 22 a\u00f1os lo har\u00e1 ahora con la experiencia y la madurez acumulada en las \u00faltimas dos d\u00e9cadas, relanzando nuestra proyecci\u00f3n en la comunidad internacional. Felipe VI ser\u00e1 un rey adaptado a los nuevos tiempos. No lo tendr\u00e1 f\u00e1cil. El &#8216;caso Urdangarin&#8217; est\u00e1 cerca de la fase de apertura de juicio oral y el futuro procesal de su hermana Cristina a\u00fan est\u00e1 en el aire. Se le va a exigir mucho al futuro Rey por una ciudadan\u00eda muy sensibilizada, que le exigir\u00e1 ejemplaridad en el comportamiento y mucha transparencia en las cuentas de Zarzuela.<br \/>\nPor todo ello, no estamos ante un simple relevo sino ante un cambio trascendental que debe abrir una nueva etapa en la instituci\u00f3n mon\u00e1rquica, necesitada de profundas reformas. como el resto de las instituciones fundamentales del Estado. Con la abdicaci\u00f3n de Don Juan Carlos se cierra definitivamente la Transici\u00f3n, cuyo pen\u00faltimo cap\u00edtulo habr\u00eda sido la muerte hace escasos meses del expresidente Adolfo Su\u00e1rez. La dimensi\u00f3n hist\u00f3rica del Rey que deja el trono acabar\u00e1 poniendo en su sitio las innumerables luces de la mayor parte de su largo reinado y las contadas sombras de un ocaso accidentado. Don Juan Carlos no ha dicho adi\u00f3s de manera protocolaria sino plenamente consciente, como lo reflej\u00f3 n\u00edtidamente en su mensaje, de los anhelos de la sociedad espa\u00f1ola por una renovaci\u00f3n y una profundizaci\u00f3n en las reformas democr\u00e1ticas. Un Rey que pidi\u00f3 p\u00fablicamente perd\u00f3n por su pol\u00e9mico viaje a Bostwana tambi\u00e9n ha sido capaz de asumir con generosidad la necesidad de ceder paso a su hijo, que encarna la Espa\u00f1a moderna y suficientemente preparada para impulsar en la buena direcci\u00f3n los huracanados vientos de cambio que recorren Espa\u00f1a. Don Juan Carlos abdica, pero con su marcha voluntaria la Monarqu\u00eda constitucional pervive como garant\u00eda de estabilidad para el pa\u00eds.<br \/>\nEn esta jornada para la historia es de justicia reconocerle a Don Juan Carlos que ha sido el Rey de todos los espa\u00f1oles. Los murcianos y alicantinos lo sabemos bien. Acompa\u00f1ado en muchas ocasiones por Do\u00f1a Sof\u00eda, el Rey ha estado cerca de nosotros cuando las cat\u00e1strofes naturales han azotado el Sureste, pero tambi\u00e9n en los momentos de alegr\u00eda y conmemoraci\u00f3n. Su estrecho v\u00ednculo con la Academia General del Aire de San Javier, la Armada en Cartagena y la base a\u00e9rea de Alcantarilla le han unido estrechamente a la Regi\u00f3n de Murcia, donde es respetado y querido. Nos queda una imborrable huella, de la que han sido testigos &#8216;La Verdad&#8217; y sus lectores durante 39 a\u00f1os.<\/p>\n","protected":false},"excerpt":{"rendered":"<p>No estamos ante un simple relevo sino ante un cambio trascendental para abrir una etapa en la instituci\u00f3n mon\u00e1rquica con un decidido impulso regenerador Los momentos de tensi\u00f3n e incertidumbre vividos mientras el cohete Ariane ascend\u00eda al espacio desde la selva de la Guayana francesa acabaron con un estallido de alegr\u00eda en la Sala J\u00fapiter [&hellip;]<\/p>\n","protected":false},"author":11,"featured_media":0,"comment_status":"closed","ping_status":"open","sticky":false,"template":"","format":"standard","meta":[],"categories":[3],"tags":[145],"_links":{"self":[{"href":"https:\/\/blogs.laverdad.es\/primeraplana\/wp-json\/wp\/v2\/posts\/575"}],"collection":[{"href":"https:\/\/blogs.laverdad.es\/primeraplana\/wp-json\/wp\/v2\/posts"}],"about":[{"href":"https:\/\/blogs.laverdad.es\/primeraplana\/wp-json\/wp\/v2\/types\/post"}],"author":[{"embeddable":true,"href":"https:\/\/blogs.laverdad.es\/primeraplana\/wp-json\/wp\/v2\/users\/11"}],"replies":[{"embeddable":true,"href":"https:\/\/blogs.laverdad.es\/primeraplana\/wp-json\/wp\/v2\/comments?post=575"}],"version-history":[{"count":0,"href":"https:\/\/blogs.laverdad.es\/primeraplana\/wp-json\/wp\/v2\/posts\/575\/revisions"}],"wp:attachment":[{"href":"https:\/\/blogs.laverdad.es\/primeraplana\/wp-json\/wp\/v2\/media?parent=575"}],"wp:term":[{"taxonomy":"category","embeddable":true,"href":"https:\/\/blogs.laverdad.es\/primeraplana\/wp-json\/wp\/v2\/categories?post=575"},{"taxonomy":"post_tag","embeddable":true,"href":"https:\/\/blogs.laverdad.es\/primeraplana\/wp-json\/wp\/v2\/tags?post=575"}],"curies":[{"name":"wp","href":"https:\/\/api.w.org\/{rel}","templated":true}]}}