{"id":578,"date":"2014-06-08T08:26:55","date_gmt":"2014-06-08T06:26:55","guid":{"rendered":"http:\/\/blogs.laverdad.es\/primeraplana\/?p=578"},"modified":"2014-06-08T08:26:55","modified_gmt":"2014-06-08T06:26:55","slug":"el-estado-de-animo-de-la-region","status":"publish","type":"post","link":"https:\/\/blogs.laverdad.es\/primeraplana\/2014\/06\/08\/el-estado-de-animo-de-la-region\/","title":{"rendered":"El estado de \u00e1nimo de la Regi\u00f3n"},"content":{"rendered":"<p>Ligeramente m\u00e1s optimistas que el resto de los espa\u00f1oles sobre la situaci\u00f3n y las perspectivas econ\u00f3micas y pol\u00edticas. Y m\u00e1s preocupados por la gesti\u00f3n de nuestros pol\u00edticos, aunque menos por la corrupci\u00f3n y el fraude que en el resto de las comunidades. En v\u00edsperas del D\u00eda de la Regi\u00f3n, el Bar\u00f3metro de Primavera del Cemop ofrece hoy en nuestras p\u00e1ginas una foto fija del estado de \u00e1nimo de los murcianos, que sigue enmarcado en un sentimiento colectivo todav\u00eda sombr\u00edo. Con mucha diferencia, la principal preocupaci\u00f3n es el paro. Aunque est\u00e1n en evoluci\u00f3n positiva desde hace meses, las cifras de empleo registrado y de afiliaci\u00f3n a la Seguridad Social son a\u00fan claramente insatisfactorias, lo que a nadie puede extra\u00f1ar porque venimos de tasas de paro escalofriantes, especialmente entre los j\u00f3venes. La situaci\u00f3n no est\u00e1 para tirar cohetes sino para seguir remando con contenci\u00f3n del gasto p\u00fablico que sea superfluo e impulsando pol\u00edticas activas de empleo para una recuperaci\u00f3n que se presume lenta y con riesgo de que no resta\u00f1e la brecha de la desigualdad. La informaci\u00f3n que hoy aportamos sobre el nivel de riqueza de los murcianos, a partir de la \u00faltima radiograf\u00eda disponible del IRPF, muestra un empobrecimiento de decenas de miles de familias a lo largo de la crisis. En los \u00faltimos meses se aprecia un ligero repunte de la actividad econ\u00f3mica en ciertos sectores y eso explicar\u00eda la percepci\u00f3n menos pesimista. El pasado viernes, el Gobierno auton\u00f3mico ofrec\u00eda un indicador de que la econom\u00eda empieza a moverse: los ingresos en las arcas p\u00fablicas crecieron un 14% hasta mayo. Pero ese dato esperanzador para evitar m\u00e1s recortes tiene que ver tambi\u00e9n con la presi\u00f3n fiscal sobre los asalariados con n\u00f3mina, en una Regi\u00f3n donde otros se abonan al fraude y a la econom\u00eda sumergida, lastrando la lucha por la equidad y el mantenimiento de los servicios b\u00e1sicos. Ya apuntamos el pasado domingo que Murcia tiene el tipo auton\u00f3mico m\u00e1s alto en el impuesto de sucesiones junto a Andaluc\u00eda, lo que produjo 700 renuncias a herencias en un a\u00f1o. Y seg\u00fan un estudio del Consejo General de Economistas que hoy detallamos, y del que discrepa el Gobierno regional, Murcia tambi\u00e9n es la segunda regi\u00f3n donde m\u00e1s se paga por hipoteca de vivienda nueva, la tercera con el impuesto de Patrimonio m\u00e1s alto en algunos tramos y la cuarta que m\u00e1s grava las donaciones. Una de cada cuatro familias murcianas, de acuerdo con el INE, llega a duras penas a fin de mes y a ello contribuye la lenta recuperaci\u00f3n del mercado de trabajo, la rebaja general de salarios, la presi\u00f3n tributaria de las tres administraciones y los copagos. En menos de dos semanas, el Gobierno regional presentar\u00e1 su quinto plan de reequilibrio de las cuentas p\u00fablicas y un plan de est\u00edmulo econ\u00f3mico. Ambos deben cumplir con las expectativas. La ca\u00edda del pesimismo en la sociedad murciana es un hecho positivo, pero no debe llevar a la par\u00e1lisis en la enorme tarea que queda por delante.<\/p>\n","protected":false},"excerpt":{"rendered":"<p>Ligeramente m\u00e1s optimistas que el resto de los espa\u00f1oles sobre la situaci\u00f3n y las perspectivas econ\u00f3micas y pol\u00edticas. Y m\u00e1s preocupados por la gesti\u00f3n de nuestros pol\u00edticos, aunque menos por la corrupci\u00f3n y el fraude que en el resto de las comunidades. En v\u00edsperas del D\u00eda de la Regi\u00f3n, el Bar\u00f3metro de Primavera del Cemop [&hellip;]<\/p>\n","protected":false},"author":11,"featured_media":0,"comment_status":"closed","ping_status":"open","sticky":false,"template":"","format":"standard","meta":[],"categories":[3],"tags":[],"_links":{"self":[{"href":"https:\/\/blogs.laverdad.es\/primeraplana\/wp-json\/wp\/v2\/posts\/578"}],"collection":[{"href":"https:\/\/blogs.laverdad.es\/primeraplana\/wp-json\/wp\/v2\/posts"}],"about":[{"href":"https:\/\/blogs.laverdad.es\/primeraplana\/wp-json\/wp\/v2\/types\/post"}],"author":[{"embeddable":true,"href":"https:\/\/blogs.laverdad.es\/primeraplana\/wp-json\/wp\/v2\/users\/11"}],"replies":[{"embeddable":true,"href":"https:\/\/blogs.laverdad.es\/primeraplana\/wp-json\/wp\/v2\/comments?post=578"}],"version-history":[{"count":0,"href":"https:\/\/blogs.laverdad.es\/primeraplana\/wp-json\/wp\/v2\/posts\/578\/revisions"}],"wp:attachment":[{"href":"https:\/\/blogs.laverdad.es\/primeraplana\/wp-json\/wp\/v2\/media?parent=578"}],"wp:term":[{"taxonomy":"category","embeddable":true,"href":"https:\/\/blogs.laverdad.es\/primeraplana\/wp-json\/wp\/v2\/categories?post=578"},{"taxonomy":"post_tag","embeddable":true,"href":"https:\/\/blogs.laverdad.es\/primeraplana\/wp-json\/wp\/v2\/tags?post=578"}],"curies":[{"name":"wp","href":"https:\/\/api.w.org\/{rel}","templated":true}]}}