{"id":583,"date":"2014-06-22T07:43:32","date_gmt":"2014-06-22T05:43:32","guid":{"rendered":"http:\/\/blogs.laverdad.es\/primeraplana\/?p=583"},"modified":"2014-06-22T07:43:32","modified_gmt":"2014-06-22T05:43:32","slug":"impuestos-y-votos","status":"publish","type":"post","link":"https:\/\/blogs.laverdad.es\/primeraplana\/2014\/06\/22\/impuestos-y-votos\/","title":{"rendered":"Impuestos y votos"},"content":{"rendered":"<p>Si el may\u00fasculo error econ\u00f3mico de Zapatero fue no reconocer la crisis y demorar el recorte del gasto p\u00fablico como le ped\u00edan todos los organismos internacionales, el de Rajoy est\u00e1 siendo no encarar el creciente empobrecimiento y la desigualdad que origina el paro de larga duraci\u00f3n y las medidas para salir de este hoyo. La OCDE asever\u00f3 esta semana que Espa\u00f1a es el segundo pa\u00eds miembro, tras Grecia, donde m\u00e1s aument\u00f3 la brecha entre ricos y pobres por la p\u00e9rdida masiva de empleos, la subida de la fiscalidad y la rebaja salarial utilizada para reducir costes laborales y ganar en competitividad. En la misma direcci\u00f3n apunta otro informe del IVIE y la Fundaci\u00f3n Bancaja, que se\u00f1al\u00f3 el jueves a la Regi\u00f3n como uno de los territorios donde m\u00e1s se increment\u00f3 la pobreza. Pero antes fueron Oxfam, C\u00e1ritas&#8230; El crecimiento de las desigualdades tras la crisis financiera de 2008 es un problema global. Lo reitera a menudo el Papa y lo reconoce hasta Obama, en un pa\u00eds donde uno de los libros m\u00e1s vendidos en las \u00faltimas diez semanas, obra del economista Thomas Piketty, aborda esta cuesti\u00f3n. Actuar sobre los impuestos es una de las pocas v\u00edas posibles para mejorar los ingresos de las familias y generar puestos de trabajo si, como sucede en Espa\u00f1a, sigue siendo preciso controlar el d\u00e9ficit, un mandato de la UE y de nuestra Constituci\u00f3n. Hace lo correcto el Gobierno al rebajar impuestos. No solo porque lo prometi\u00f3 antes de las elecciones generales y luego hizo lo contrario. Incidir\u00e1 en la renta disponible, mejorar\u00e1 el consumo y en algo favorecer\u00e1 la creaci\u00f3n de empleo. Se notar\u00e1 desde enero cuando las retenciones se reduzcan en la n\u00f3mina de los asalariados. Sin embargo, la ambiciosa reforma tributaria anunciada se queda b\u00e1sicamente en una rebaja fiscal del IRPF y del impuesto de Sociedades. Lo conocido se parece poco a las recomendaciones de la \u2018Comisi\u00f3n Lagares\u2019, los \u2018sabios\u2019 elegidos por el Ejecutivo para repensar el sistema tributario. Tambi\u00e9n dista mucho de las propuestas del FMI, el Banco de Espa\u00f1a y la Comisi\u00f3n Europea, que, preocupada por una relajaci\u00f3n en la lucha contra el d\u00e9ficit, ped\u00eda subir el IVA y reducir cotizaciones sociales. Montoro opt\u00f3 por una rebaja fiscal \u00aba todos\u00bb, pero lo cierto es que no a todos beneficiar\u00e1 por igual. Los menos afortunados ser\u00e1n las clases medias (o lo que queda de ellas). Los espa\u00f1oles con trabajo y menos ingresos ser\u00e1n un poco menos pobres, pero la desigualdad perdurar\u00e1 porque las rentas altas tambi\u00e9n salen ganando. Si en esto queda la reforma, es muy corta en cuanto a creaci\u00f3n de empleo, lucha contra el fraude fiscal y desde luego no acaba con la mara\u00f1a tributaria, donde, en paralelo a la administraci\u00f3n central, comunidades y ayuntamientos act\u00faan descoordinadamente y con una dispar, pero casi siempre rampante, sobrecarga fiscal a empresas y ciudadanos. No es de extra\u00f1ar la cautela general. Todo desprende un inconfundible aroma electoral en la antesala de citas en las urnas en 2015 y 2016.<\/p>\n","protected":false},"excerpt":{"rendered":"<p>Si el may\u00fasculo error econ\u00f3mico de Zapatero fue no reconocer la crisis y demorar el recorte del gasto p\u00fablico como le ped\u00edan todos los organismos internacionales, el de Rajoy est\u00e1 siendo no encarar el creciente empobrecimiento y la desigualdad que origina el paro de larga duraci\u00f3n y las medidas para salir de este hoyo. La [&hellip;]<\/p>\n","protected":false},"author":11,"featured_media":0,"comment_status":"closed","ping_status":"open","sticky":false,"template":"","format":"standard","meta":[],"categories":[3],"tags":[],"_links":{"self":[{"href":"https:\/\/blogs.laverdad.es\/primeraplana\/wp-json\/wp\/v2\/posts\/583"}],"collection":[{"href":"https:\/\/blogs.laverdad.es\/primeraplana\/wp-json\/wp\/v2\/posts"}],"about":[{"href":"https:\/\/blogs.laverdad.es\/primeraplana\/wp-json\/wp\/v2\/types\/post"}],"author":[{"embeddable":true,"href":"https:\/\/blogs.laverdad.es\/primeraplana\/wp-json\/wp\/v2\/users\/11"}],"replies":[{"embeddable":true,"href":"https:\/\/blogs.laverdad.es\/primeraplana\/wp-json\/wp\/v2\/comments?post=583"}],"version-history":[{"count":0,"href":"https:\/\/blogs.laverdad.es\/primeraplana\/wp-json\/wp\/v2\/posts\/583\/revisions"}],"wp:attachment":[{"href":"https:\/\/blogs.laverdad.es\/primeraplana\/wp-json\/wp\/v2\/media?parent=583"}],"wp:term":[{"taxonomy":"category","embeddable":true,"href":"https:\/\/blogs.laverdad.es\/primeraplana\/wp-json\/wp\/v2\/categories?post=583"},{"taxonomy":"post_tag","embeddable":true,"href":"https:\/\/blogs.laverdad.es\/primeraplana\/wp-json\/wp\/v2\/tags?post=583"}],"curies":[{"name":"wp","href":"https:\/\/api.w.org\/{rel}","templated":true}]}}