{"id":584,"date":"2014-06-29T08:43:10","date_gmt":"2014-06-29T06:43:10","guid":{"rendered":"http:\/\/blogs.laverdad.es\/primeraplana\/?p=584"},"modified":"2014-06-29T08:43:10","modified_gmt":"2014-06-29T06:43:10","slug":"novo-descartes","status":"publish","type":"post","link":"https:\/\/blogs.laverdad.es\/primeraplana\/2014\/06\/29\/novo-descartes\/","title":{"rendered":"&#039;Novo Descartes&#039;"},"content":{"rendered":"<p>El mundo moderno comenz\u00f3 el 10 de noviembre de 1619 con varias pesadillas y una revelaci\u00f3n. Esa noche, Ren\u00e9 Descartes se refugi\u00f3 del fr\u00edo de Baviera junto a una estufa en la esquina de una habitaci\u00f3n. Se qued\u00f3 dormido y tuvo tres sue\u00f1os. Los dos primeros fueron aterradores, pero el tercero result\u00f3 inspirador. Sobre una mesa hab\u00eda un libro de poes\u00eda y en su sue\u00f1o Descartes lo abr\u00eda, encontrando por azar un verso en lat\u00edn de Ausonio: \u2018Quod vitae sectabor iter\u2019 (\u00bfQu\u00e9 senda tomar\u00e9 en la vida?). Esa visi\u00f3n le inspir\u00f3 un cambio vital que desemboc\u00f3 18 a\u00f1os despu\u00e9s en el \u2018Discurso del m\u00e9todo\u2019, el hito que marca el inicio del predominio de la raz\u00f3n en la b\u00fasqueda de la verdad. Como Descartes, el PP se ha quedado dormido y alterna sue\u00f1os placenteros, al calor de la incipiente recuperaci\u00f3n econ\u00f3mica, con pesadillas como la del caso \u2018Novo Carthago\u2019, donde en lugar de un poemario aparece un sumario en el que se imputa delitos de prevaricaci\u00f3n a tres consejeros de gobiernos de Valc\u00e1rcel. Lo \u00faltimo no es un desvar\u00edo on\u00edrico sino un problema real que le obliga a plantearse qu\u00e9 senda tomar. Lo sensato ser\u00eda analizar la situaci\u00f3n racionalmente. Seguir las cuatro reglas cartesianas a partir de las evidencias que est\u00e1n sobre la mesa y luego actuar con responsabilidad, pensando en el inter\u00e9s general. Pero parece que ese no ser\u00e1 el camino. Ortega estaba en lo cierto cuando, tras su paso por el Parlamento, asever\u00f3 que el car\u00e1cter del pol\u00edtico se caracteriza por una gran inconsciencia. No suele prever las consecuencias de sus actos y da por hecho que el futuro peligroso, a veces con toda evidencia catastr\u00f3fico, no gravita sobre \u00e9l. M\u00e1s que valientes, los pol\u00edticos son audaces, dijo el fil\u00f3sofo, y \u00abla audacia es en un 50% inconsciencia y sonambulismo\u00bb. Buena prueba de que Ortega atinaba es el relato de hechos del juez sobre el proceso para recalificar como urbanizable el terreno protegido del saladar de Lo Poyo. Su \u00faltimo auto tiene alg\u00fan pasaje sobrecogedor y m\u00faltiples lecturas. Si se examina la m\u00e1s benevolente, uno se tropieza con tanta inconsciencia y sonambulismo al enfrentarse a los l\u00edmites fijados por la normativa estatal y regional que solo es explicable por un inter\u00e9s pol\u00edtico may\u00fasculo en las cimas de la Administraci\u00f3n regional y local. Lo preocupante es que el distanciamiento de la realidad perdura en un PP en estado de duermevela y que hace como que no oye el despertador de los nuevos tiempos de la ejemplaridad y la recuperaci\u00f3n del cr\u00e9dito pol\u00edtico. Prefiere enrocarse en el irracional delirio de que todo es un contubernio en su contra de fiscales, jueces, dirigentes de la oposici\u00f3n y periodistas, en lugar de gestionar las consecuencias pol\u00edticas de una investigaci\u00f3n del TSJ que debe llegar con celeridad hasta el final para aclarar si se vulner\u00f3, y por qu\u00e9, la Ley. Lo contrario nos llevar\u00eda a la anomia. Presiento que cualquiera que sea el desenlace, el mundo de la sinraz\u00f3n se abri\u00f3 definitivamente paso, en algunos, el 24 de junio de 2014.<\/p>\n","protected":false},"excerpt":{"rendered":"<p>El mundo moderno comenz\u00f3 el 10 de noviembre de 1619 con varias pesadillas y una revelaci\u00f3n. Esa noche, Ren\u00e9 Descartes se refugi\u00f3 del fr\u00edo de Baviera junto a una estufa en la esquina de una habitaci\u00f3n. Se qued\u00f3 dormido y tuvo tres sue\u00f1os. Los dos primeros fueron aterradores, pero el tercero result\u00f3 inspirador. Sobre una [&hellip;]<\/p>\n","protected":false},"author":11,"featured_media":0,"comment_status":"closed","ping_status":"open","sticky":false,"template":"","format":"standard","meta":[],"categories":[36],"tags":[],"_links":{"self":[{"href":"https:\/\/blogs.laverdad.es\/primeraplana\/wp-json\/wp\/v2\/posts\/584"}],"collection":[{"href":"https:\/\/blogs.laverdad.es\/primeraplana\/wp-json\/wp\/v2\/posts"}],"about":[{"href":"https:\/\/blogs.laverdad.es\/primeraplana\/wp-json\/wp\/v2\/types\/post"}],"author":[{"embeddable":true,"href":"https:\/\/blogs.laverdad.es\/primeraplana\/wp-json\/wp\/v2\/users\/11"}],"replies":[{"embeddable":true,"href":"https:\/\/blogs.laverdad.es\/primeraplana\/wp-json\/wp\/v2\/comments?post=584"}],"version-history":[{"count":0,"href":"https:\/\/blogs.laverdad.es\/primeraplana\/wp-json\/wp\/v2\/posts\/584\/revisions"}],"wp:attachment":[{"href":"https:\/\/blogs.laverdad.es\/primeraplana\/wp-json\/wp\/v2\/media?parent=584"}],"wp:term":[{"taxonomy":"category","embeddable":true,"href":"https:\/\/blogs.laverdad.es\/primeraplana\/wp-json\/wp\/v2\/categories?post=584"},{"taxonomy":"post_tag","embeddable":true,"href":"https:\/\/blogs.laverdad.es\/primeraplana\/wp-json\/wp\/v2\/tags?post=584"}],"curies":[{"name":"wp","href":"https:\/\/api.w.org\/{rel}","templated":true}]}}