{"id":588,"date":"2014-07-20T08:36:35","date_gmt":"2014-07-20T06:36:35","guid":{"rendered":"http:\/\/blogs.laverdad.es\/primeraplana\/?p=588"},"modified":"2014-07-20T08:36:35","modified_gmt":"2014-07-20T06:36:35","slug":"el-pp-pierde-el-oremus","status":"publish","type":"post","link":"https:\/\/blogs.laverdad.es\/primeraplana\/2014\/07\/20\/el-pp-pierde-el-oremus\/","title":{"rendered":"El PP pierde el oremus"},"content":{"rendered":"<p>Quienes ejercen con honestidad la pol\u00edtica en las filas del PP regional, que son la mayor\u00eda, como en el resto de partidos, sufrieron el viernes un arrebato de indignaci\u00f3n. Si en los pa\u00edses m\u00e1s democr\u00e1ticos, lo habitual es que los pol\u00edticos investigados por la justicia se aparten para no da\u00f1ar la reputaci\u00f3n de sus partidos y defender su presunci\u00f3n de inocencia desde la esfera privada, en Murcia ha ocurrido todo lo contrario. Uno cre\u00eda haberlo visto ya todo en la peculiar escena regional, pero constat\u00e9 que estaba equivocado cuando nos lleg\u00f3 el viernes una nota del PP.  Nos convocaba a su sede, donde el exconsejero Francisco Marqu\u00e9s, apartado aparentemente del partido desde 2006, iba a dar explicaciones de un informe del Sabadell sobre movimientos millonarios en cuentas en las que aparece vinculado. Marqu\u00e9s insisti\u00f3 en que todos esos dep\u00f3sitos son de Hefame, de la que fue director general entre 2006-2011, aunque su firma se asocia a otras cuentas abiertas y canceladas entre 2002 y 2004, cuando era miembro del Gobierno regional. Este interrogante y otros quedaron sin aclarar. El PP nos cit\u00f3 y luego Marqu\u00e9s vet\u00f3 nuestras preguntas. Ins\u00f3lito, pero cierto. El exconsejero tiene derecho a defender su inocencia, a no responder y a querellarse contra cualquier medio de comunicaci\u00f3n si cree que se ha vulnerado su honor. Pero ni \u00e9l, ni nadie, podr\u00e1 evitar que cumplamos con nuestro deber de informar. Con todo, lo m\u00e1s sorprendente del asunto es que lejos de desligarse de los problemas judiciales de quien supuestamente hab\u00eda dejado sus filas, el PP le dio cobijo y cobertura para escarnio de quienes en su seno apuestan por la transparencia y la \u00e9tica. Me consta que fueron muchos los dirigentes y militantes que vieron con estupor c\u00f3mo su sede y sus siglas se pon\u00edan al servicio de Marqu\u00e9s, lo que no se ha hecho con ning\u00fan imputado de \u2018Novo Carthago\u2019. \u00bfPor qu\u00e9 el partido y Marqu\u00e9s deciden unir sus destinos? Su presencia en la sede popular parece un aviso a navegantes. No es el primer imputado por \u2018Novo Carthago\u2019 que lanza un mensaje similar. El presunto delito investigado se remonta a su etapa como miembro de los Gobiernos de Valc\u00e1rcel que impulsaron el proyecto. Si se arropa a otros excompa\u00f1eros, es natural que pensara que por qu\u00e9 a \u00e9l no. Quien autoriz\u00f3 la rueda de prensa, el mismo d\u00eda en que el Gobierno anunciaba su estrategia de empleo, no puede ser otro que Valc\u00e1rcel como m\u00e1ximo dirigente del partido. A Garre no solo le contraprogramaron y eclipsaron el anuncio de su principal iniciativa. Como responsable de conflictos y garant\u00edas del PP, Garre debe ahora explicar si, contrariamente a lo que todos pensaban, Marqu\u00e9s nunca fue expedientado y a\u00fan es militante. En el PP se ha perdido el oremus cuando empezaba a mejorar la econom\u00eda, el paro y la necesidad de recortar gasto. El caso \u2018Novo Carthago\u2019 es delicado para los implicados, pero su gesti\u00f3n pol\u00edtica es suicida para todos los populares. O alguien pone sensatez en el interno o la situaci\u00f3n estalla. <\/p>\n","protected":false},"excerpt":{"rendered":"<p>Quienes ejercen con honestidad la pol\u00edtica en las filas del PP regional, que son la mayor\u00eda, como en el resto de partidos, sufrieron el viernes un arrebato de indignaci\u00f3n. Si en los pa\u00edses m\u00e1s democr\u00e1ticos, lo habitual es que los pol\u00edticos investigados por la justicia se aparten para no da\u00f1ar la reputaci\u00f3n de sus partidos [&hellip;]<\/p>\n","protected":false},"author":11,"featured_media":0,"comment_status":"closed","ping_status":"open","sticky":false,"template":"","format":"standard","meta":[],"categories":[36],"tags":[],"_links":{"self":[{"href":"https:\/\/blogs.laverdad.es\/primeraplana\/wp-json\/wp\/v2\/posts\/588"}],"collection":[{"href":"https:\/\/blogs.laverdad.es\/primeraplana\/wp-json\/wp\/v2\/posts"}],"about":[{"href":"https:\/\/blogs.laverdad.es\/primeraplana\/wp-json\/wp\/v2\/types\/post"}],"author":[{"embeddable":true,"href":"https:\/\/blogs.laverdad.es\/primeraplana\/wp-json\/wp\/v2\/users\/11"}],"replies":[{"embeddable":true,"href":"https:\/\/blogs.laverdad.es\/primeraplana\/wp-json\/wp\/v2\/comments?post=588"}],"version-history":[{"count":0,"href":"https:\/\/blogs.laverdad.es\/primeraplana\/wp-json\/wp\/v2\/posts\/588\/revisions"}],"wp:attachment":[{"href":"https:\/\/blogs.laverdad.es\/primeraplana\/wp-json\/wp\/v2\/media?parent=588"}],"wp:term":[{"taxonomy":"category","embeddable":true,"href":"https:\/\/blogs.laverdad.es\/primeraplana\/wp-json\/wp\/v2\/categories?post=588"},{"taxonomy":"post_tag","embeddable":true,"href":"https:\/\/blogs.laverdad.es\/primeraplana\/wp-json\/wp\/v2\/tags?post=588"}],"curies":[{"name":"wp","href":"https:\/\/api.w.org\/{rel}","templated":true}]}}