{"id":589,"date":"2014-07-27T08:23:45","date_gmt":"2014-07-27T06:23:45","guid":{"rendered":"http:\/\/blogs.laverdad.es\/primeraplana\/?p=589"},"modified":"2014-07-27T08:23:45","modified_gmt":"2014-07-27T06:23:45","slug":"laberinto-autonomico","status":"publish","type":"post","link":"https:\/\/blogs.laverdad.es\/primeraplana\/2014\/07\/27\/laberinto-autonomico\/","title":{"rendered":"Laberinto auton\u00f3mico"},"content":{"rendered":"<p>La primera v\u00edctima de una guerra es la verdad, dijo hace un siglo el congresista estadounidense Hiram Johnson. No hay m\u00e1s que asomarse al horror de los conflictos de Gaza y Ucrania para ver que ten\u00eda raz\u00f3n. Aquella frase de Johnson tambi\u00e9n es aplicable a otro tipo de batallas menos cruentas, como la entablada entre comunidades a cuenta de la financiaci\u00f3n del Estado. La publicaci\u00f3n, esta semana, de las balanzas fiscales sirvi\u00f3 para desenmascarar una de esas solemnes mentiras que hay en todas las disputas territoriales, el \u00abEspa\u00f1a nos roba\u00bb del &#8216;delf\u00edn&#8217; de Jordi Pujol, quien vergonzantemente acaba de reconocer que ocult\u00f3 dinero a Hacienda durante 34 a\u00f1os fuera del pa\u00eds. Tambi\u00e9n fue \u00fatil para verificar una certeza, que la Regi\u00f3n de Murcia, la Comunidad Valenciana y Baleares reciben una financiaci\u00f3n por habitante muy inferior a la de otros muchos territorios. Pero superado este ejercicio de transparencia, sobreviven conceptos equ\u00edvocos en torno a la financiaci\u00f3n (se habla de territorios en lugar de personas) y crece el malestar de las comunidades peor tratadas. Todo, estrat\u00e9gicamente en la antesala de la reuni\u00f3n de Rajoy y Mas, para dejar todo como est\u00e1 porque no habr\u00e1, de momento, un nuevo modelo de financiaci\u00f3n auton\u00f3mica, pese al clamor mayoritario. A la postre, el regusto de este destape contable es frustrante porque, cifra arriba o cifra abajo, en la Regi\u00f3n de Murcia se sab\u00eda de esa infrafinanciaci\u00f3n y se experimentaba en carne propia. Que Montoro y Beteta nos prometan que la Comunidad no tendr\u00e1 problemas de liquidez y que suavizar\u00e1n las exigencias del control del d\u00e9ficit supone un alivio, pero que nadie olvide que los adelantos a cuenta de hoy habr\u00e1 que pagarlos ma\u00f1ana y que la deuda regional supera con creces los 6.000 millones. El ministro alega que ni hay suficiente consenso territorial ni recaudaci\u00f3n para aumentar el dinero a repartir. Es verdad que la Regi\u00f3n, con su limitado peso pol\u00edtico, lo tendr\u00eda dif\u00edcil en una negociaci\u00f3n colectiva de un nuevo modelo, donde el principal condicionante ser\u00eda la desactivaci\u00f3n del problema catal\u00e1n con un significativo montante de fondos. El vigente y el anterior avanzaron en la corresponsabilidad fiscal, cediendo m\u00e1s capacidad impositiva y recaudatoria a las comunidades. Como ocurri\u00f3 al negociar las transferencias de sanidad y educaci\u00f3n, en Murcia no se pele\u00f3 lo suficiente en 2005 porque la econom\u00eda regional iba como un cohete, pero hoy, superado ese espejismo cegador y con el menguado nivel de renta per capita, otra vuelta de tuerca en la corresponsabilidad fiscal agravar\u00eda los apuros financieros de la administraci\u00f3n. En los despachos oficiales de Madrid y Murcia se f\u00eda todo al crecimiento de la econom\u00eda. Si la velocidad del repunte se acelera, no habr\u00e1 problemas. Pero si se estanca, volver\u00e1n los recortes. Y ya hay poco donde podar sin tocar lo que nadie desea. Solo queda una salida: acentuar las pol\u00edticas de est\u00edmulo y reclamar, con vigor, compensaciones a Madrid que no inflen a\u00fan m\u00e1s el globo de la deuda p\u00fablica.<\/p>\n","protected":false},"excerpt":{"rendered":"<p>La primera v\u00edctima de una guerra es la verdad, dijo hace un siglo el congresista estadounidense Hiram Johnson. No hay m\u00e1s que asomarse al horror de los conflictos de Gaza y Ucrania para ver que ten\u00eda raz\u00f3n. Aquella frase de Johnson tambi\u00e9n es aplicable a otro tipo de batallas menos cruentas, como la entablada entre [&hellip;]<\/p>\n","protected":false},"author":11,"featured_media":0,"comment_status":"closed","ping_status":"open","sticky":false,"template":"","format":"standard","meta":[],"categories":[36],"tags":[],"_links":{"self":[{"href":"https:\/\/blogs.laverdad.es\/primeraplana\/wp-json\/wp\/v2\/posts\/589"}],"collection":[{"href":"https:\/\/blogs.laverdad.es\/primeraplana\/wp-json\/wp\/v2\/posts"}],"about":[{"href":"https:\/\/blogs.laverdad.es\/primeraplana\/wp-json\/wp\/v2\/types\/post"}],"author":[{"embeddable":true,"href":"https:\/\/blogs.laverdad.es\/primeraplana\/wp-json\/wp\/v2\/users\/11"}],"replies":[{"embeddable":true,"href":"https:\/\/blogs.laverdad.es\/primeraplana\/wp-json\/wp\/v2\/comments?post=589"}],"version-history":[{"count":0,"href":"https:\/\/blogs.laverdad.es\/primeraplana\/wp-json\/wp\/v2\/posts\/589\/revisions"}],"wp:attachment":[{"href":"https:\/\/blogs.laverdad.es\/primeraplana\/wp-json\/wp\/v2\/media?parent=589"}],"wp:term":[{"taxonomy":"category","embeddable":true,"href":"https:\/\/blogs.laverdad.es\/primeraplana\/wp-json\/wp\/v2\/categories?post=589"},{"taxonomy":"post_tag","embeddable":true,"href":"https:\/\/blogs.laverdad.es\/primeraplana\/wp-json\/wp\/v2\/tags?post=589"}],"curies":[{"name":"wp","href":"https:\/\/api.w.org\/{rel}","templated":true}]}}