{"id":633,"date":"2015-02-01T07:45:55","date_gmt":"2015-02-01T06:45:55","guid":{"rendered":"http:\/\/blogs.laverdad.es\/primeraplana\/?p=633"},"modified":"2015-02-01T07:45:55","modified_gmt":"2015-02-01T06:45:55","slug":"materia-oscura","status":"publish","type":"post","link":"https:\/\/blogs.laverdad.es\/primeraplana\/2015\/02\/01\/materia-oscura\/","title":{"rendered":"Materia oscura"},"content":{"rendered":"<p>Como sucede en muchos \u00e1mbitos de la vida p\u00fablica, el mundo de la pol\u00edtica, a falta de materia gris, rebosa materia oscura. Sucede como cuando se observa el cosmos con telescopios, que solo vemos el 10% de lo que existe. El resto est\u00e1 y sucede, pero es opaco y resulta invisible. De ah\u00ed la tendencia general a ver conspiraciones, estrategias ocultas y segundas intenciones detr\u00e1s de todo. A ello se suma en algunos lugares una querencia irrefrenable por el chisme. Cuanto m\u00e1s extravagante y alambicado m\u00e1s \u00e9xito tiene en los cen\u00e1culos. No se me olvida la frase de un m\u00fasico local, entrevistado hace algunos a\u00f1os por el peri\u00f3dico: \u00abSi cada rumor fuera un tumor, Murcia estar\u00eda muerta\u00bb. Ya se pueden imaginar que, en la antesala de las citas electorales, la proliferaci\u00f3n de c\u00e1balas y quinielas en las tertulias sobre qui\u00e9n ser\u00e1 el candidato del partido mayoritario est\u00e1 siendo may\u00fascula. Lo curioso es que detr\u00e1s de estas decisiones pol\u00edticas no suele haber reflexiones profundas, sino personalismos e improvisaciones de \u00faltima hora que generalmente suelen complicarse porque nunca hay planes alternativos. Todo es m\u00e1s b\u00e1sico y mundano de lo que pensamos. M\u00e1s all\u00e1 de que el elegido sea Pedro Antonio S\u00e1nchez, Alberto Garre o un tercero, lo relevante del proceso seguido por el PP es que est\u00e1 poniendo de manifiesto su corto banquillo y su radical alejamiento de las pautas que otros partidos en Espa\u00f1a y fuera de ella siguen para elegir a sus cabezas de cartel, donde los aspirantes contrastan sus propuestas de forma p\u00fablica, no siempre necesariamente a trav\u00e9s de elecciones primarias. Sabemos de las aspiraciones de S\u00e1nchez y Garre por encabezar la lista auton\u00f3mica, pero en cuanto alguno hace amago, se postula o habla m\u00e1s de la cuenta recibe un zapatazo del bando contrario. Perpetuar el procedimiento del \u2018dedazo\u2019 y la falta total de transparencia del debate interno solo contribuye a acrecentar el desafecto ciudadano y la rumorolog\u00eda. Como todas las organizaciones sociales, los partidos pol\u00edticos necesitan de una estructura jer\u00e1rquica para ser operativa, pero eso no est\u00e1 re\u00f1ido con un funcionamiento participativo en la toma de decisiones relevantes, como la elecci\u00f3n de sus l\u00edderes. A la postre, el signo de los tiempos lo marcan los ciudadanos y as\u00ed lo han sabido ver las organizaciones empresariales y los sindicatos. Sea quien sea el designado del PP, se habr\u00e1 decidido no solo a espaldas de toda su militancia y la mayor\u00eda de sus dirigentes, sino tambi\u00e9n de la opini\u00f3n p\u00fablica, lo que es leg\u00edtimo pero incomprensible a la vez. Si lo que se quer\u00eda era no proyectar imagen de divisi\u00f3n me temo que no se ha logrado: las patadas intercambiadas bajo la mesa durante este mes dejan marcas visibles. Para colmo, todo el proceso de designaci\u00f3n se ve enredado por procedimientos judiciales que afectan a buena parte de los principales dirigentes del PP, alguno de ellos dando muestras de una falta de ejemplaridad que asusta. Al final puede que tenga que ser Madrid quien decidida por los populares murcianos.<\/p>\n","protected":false},"excerpt":{"rendered":"<p>Como sucede en muchos \u00e1mbitos de la vida p\u00fablica, el mundo de la pol\u00edtica, a falta de materia gris, rebosa materia oscura. Sucede como cuando se observa el cosmos con telescopios, que solo vemos el 10% de lo que existe. El resto est\u00e1 y sucede, pero es opaco y resulta invisible. De ah\u00ed la tendencia [&hellip;]<\/p>\n","protected":false},"author":11,"featured_media":0,"comment_status":"closed","ping_status":"open","sticky":false,"template":"","format":"standard","meta":[],"categories":[3],"tags":[],"_links":{"self":[{"href":"https:\/\/blogs.laverdad.es\/primeraplana\/wp-json\/wp\/v2\/posts\/633"}],"collection":[{"href":"https:\/\/blogs.laverdad.es\/primeraplana\/wp-json\/wp\/v2\/posts"}],"about":[{"href":"https:\/\/blogs.laverdad.es\/primeraplana\/wp-json\/wp\/v2\/types\/post"}],"author":[{"embeddable":true,"href":"https:\/\/blogs.laverdad.es\/primeraplana\/wp-json\/wp\/v2\/users\/11"}],"replies":[{"embeddable":true,"href":"https:\/\/blogs.laverdad.es\/primeraplana\/wp-json\/wp\/v2\/comments?post=633"}],"version-history":[{"count":0,"href":"https:\/\/blogs.laverdad.es\/primeraplana\/wp-json\/wp\/v2\/posts\/633\/revisions"}],"wp:attachment":[{"href":"https:\/\/blogs.laverdad.es\/primeraplana\/wp-json\/wp\/v2\/media?parent=633"}],"wp:term":[{"taxonomy":"category","embeddable":true,"href":"https:\/\/blogs.laverdad.es\/primeraplana\/wp-json\/wp\/v2\/categories?post=633"},{"taxonomy":"post_tag","embeddable":true,"href":"https:\/\/blogs.laverdad.es\/primeraplana\/wp-json\/wp\/v2\/tags?post=633"}],"curies":[{"name":"wp","href":"https:\/\/api.w.org\/{rel}","templated":true}]}}