{"id":752,"date":"2015-07-10T07:40:04","date_gmt":"2015-07-10T05:40:04","guid":{"rendered":"http:\/\/blogs.laverdad.es\/primeraplana\/?p=752"},"modified":"2015-07-10T07:40:04","modified_gmt":"2015-07-10T05:40:04","slug":"una-foto-en-el-auditorio","status":"publish","type":"post","link":"https:\/\/blogs.laverdad.es\/primeraplana\/2015\/07\/10\/una-foto-en-el-auditorio\/","title":{"rendered":"Una foto en el Auditorio"},"content":{"rendered":"<p>En vez de aprobar la comisi\u00f3n de investigaci\u00f3n sobre la desalinizadora de Escombreras, que nos puede costar un mill\u00f3n de euros al mes hasta 2034, o la del aeropuerto de Corvera, con sus 22.000 euros de intereses al d\u00eda, Podemos, PSOE y Ciudadanos acordaron en la Asamblea Regional priorizar la del caso del Auditorio de Puerto Lumbreras, impulsado por el presidente S\u00e1nchez con una subvenci\u00f3n de 6 millones de euros. No es el perjuicio econ\u00f3mico para los ciudadanos lo que prim\u00f3 ayer, sino el inter\u00e9s partidista de quienes quieren hacerse una fotograf\u00eda medi\u00e1tica antes de las generales en el interior del inacabado edificio y desgastar as\u00ed a un adversario directo en activo. Con una investigaci\u00f3n judicial, ya iniciada y que debe llegar hasta el final, caiga quien caiga, poco van a poder aclarar sus se\u00f1or\u00edas mientras la instrucci\u00f3n est\u00e9 bajo secreto sumarial. Pero eso qu\u00e9 m\u00e1s da, \u00bfno?<\/p>\n","protected":false},"excerpt":{"rendered":"<p>En vez de aprobar la comisi\u00f3n de investigaci\u00f3n sobre la desalinizadora de Escombreras, que nos puede costar un mill\u00f3n de euros al mes hasta 2034, o la del aeropuerto de Corvera, con sus 22.000 euros de intereses al d\u00eda, Podemos, PSOE y Ciudadanos acordaron en la Asamblea Regional priorizar la del caso del Auditorio de [&hellip;]<\/p>\n","protected":false},"author":11,"featured_media":0,"comment_status":"closed","ping_status":"open","sticky":false,"template":"","format":"standard","meta":[],"categories":[36],"tags":[],"_links":{"self":[{"href":"https:\/\/blogs.laverdad.es\/primeraplana\/wp-json\/wp\/v2\/posts\/752"}],"collection":[{"href":"https:\/\/blogs.laverdad.es\/primeraplana\/wp-json\/wp\/v2\/posts"}],"about":[{"href":"https:\/\/blogs.laverdad.es\/primeraplana\/wp-json\/wp\/v2\/types\/post"}],"author":[{"embeddable":true,"href":"https:\/\/blogs.laverdad.es\/primeraplana\/wp-json\/wp\/v2\/users\/11"}],"replies":[{"embeddable":true,"href":"https:\/\/blogs.laverdad.es\/primeraplana\/wp-json\/wp\/v2\/comments?post=752"}],"version-history":[{"count":0,"href":"https:\/\/blogs.laverdad.es\/primeraplana\/wp-json\/wp\/v2\/posts\/752\/revisions"}],"wp:attachment":[{"href":"https:\/\/blogs.laverdad.es\/primeraplana\/wp-json\/wp\/v2\/media?parent=752"}],"wp:term":[{"taxonomy":"category","embeddable":true,"href":"https:\/\/blogs.laverdad.es\/primeraplana\/wp-json\/wp\/v2\/categories?post=752"},{"taxonomy":"post_tag","embeddable":true,"href":"https:\/\/blogs.laverdad.es\/primeraplana\/wp-json\/wp\/v2\/tags?post=752"}],"curies":[{"name":"wp","href":"https:\/\/api.w.org\/{rel}","templated":true}]}}