{"id":754,"date":"2015-07-11T17:38:45","date_gmt":"2015-07-11T15:38:45","guid":{"rendered":"http:\/\/blogs.laverdad.es\/primeraplana\/?p=754"},"modified":"2015-07-11T17:38:45","modified_gmt":"2015-07-11T15:38:45","slug":"alberto-garre-2","status":"publish","type":"post","link":"https:\/\/blogs.laverdad.es\/primeraplana\/2015\/07\/11\/alberto-garre-2\/","title":{"rendered":"Alberto Garre"},"content":{"rendered":"<p>Alberto Garre no terminar\u00e1 su carrera en el Senado, como hubiera querido, pero le seguir\u00e1n viendo en la grada de la Nueva Condomina o con su esposa por la Plaza de las Flores. Con sus aciertos y sus errores a cuestas, pero sin temor a que nadie le silbe y pudiendo sostener la mirada a cualquiera. La bajeza de otros engrandeci\u00f3 a un pol\u00edtico de gesti\u00f3n discreta que, sin embargo, deja una profunda huella porque abri\u00f3 la caja de la regeneraci\u00f3n y jam\u00e1s, ni siquiera por su partido, traicion\u00f3 a su tierra ni a los valores que se hab\u00edan difuminado en la vida p\u00fablica, como la honestidad y el respeto a la ley. Es la cr\u00f3nica anunciada de una venganza personal, enmascarada en la pol\u00e9mica de la inutilidad del Senado, ese repositorio de excelsos cad\u00e1veres auton\u00f3micos. Quien encumbr\u00f3 a este viejo \u2018elefante\u2019 le abati\u00f3 pol\u00edticamente. Con el hombre no pudo. Sigue en pie. Sin tacha. \u00c9l podr\u00e1 ir donde quiera con la cabeza alta.<\/p>\n","protected":false},"excerpt":{"rendered":"<p>Alberto Garre no terminar\u00e1 su carrera en el Senado, como hubiera querido, pero le seguir\u00e1n viendo en la grada de la Nueva Condomina o con su esposa por la Plaza de las Flores. Con sus aciertos y sus errores a cuestas, pero sin temor a que nadie le silbe y pudiendo sostener la mirada a [&hellip;]<\/p>\n","protected":false},"author":11,"featured_media":0,"comment_status":"closed","ping_status":"open","sticky":false,"template":"","format":"standard","meta":[],"categories":[36],"tags":[],"_links":{"self":[{"href":"https:\/\/blogs.laverdad.es\/primeraplana\/wp-json\/wp\/v2\/posts\/754"}],"collection":[{"href":"https:\/\/blogs.laverdad.es\/primeraplana\/wp-json\/wp\/v2\/posts"}],"about":[{"href":"https:\/\/blogs.laverdad.es\/primeraplana\/wp-json\/wp\/v2\/types\/post"}],"author":[{"embeddable":true,"href":"https:\/\/blogs.laverdad.es\/primeraplana\/wp-json\/wp\/v2\/users\/11"}],"replies":[{"embeddable":true,"href":"https:\/\/blogs.laverdad.es\/primeraplana\/wp-json\/wp\/v2\/comments?post=754"}],"version-history":[{"count":0,"href":"https:\/\/blogs.laverdad.es\/primeraplana\/wp-json\/wp\/v2\/posts\/754\/revisions"}],"wp:attachment":[{"href":"https:\/\/blogs.laverdad.es\/primeraplana\/wp-json\/wp\/v2\/media?parent=754"}],"wp:term":[{"taxonomy":"category","embeddable":true,"href":"https:\/\/blogs.laverdad.es\/primeraplana\/wp-json\/wp\/v2\/categories?post=754"},{"taxonomy":"post_tag","embeddable":true,"href":"https:\/\/blogs.laverdad.es\/primeraplana\/wp-json\/wp\/v2\/tags?post=754"}],"curies":[{"name":"wp","href":"https:\/\/api.w.org\/{rel}","templated":true}]}}