{"id":756,"date":"2015-07-12T07:54:26","date_gmt":"2015-07-12T05:54:26","guid":{"rendered":"http:\/\/blogs.laverdad.es\/primeraplana\/?p=756"},"modified":"2015-07-12T07:54:26","modified_gmt":"2015-07-12T05:54:26","slug":"el-cielo-por-asalto","status":"publish","type":"post","link":"https:\/\/blogs.laverdad.es\/primeraplana\/2015\/07\/12\/el-cielo-por-asalto\/","title":{"rendered":"El cielo por asalto"},"content":{"rendered":"<p><strong>La indefinici\u00f3n y la ambig\u00fcedad en la que se mueve la nueva izquierda m\u00e1s all\u00e1 del PSOE permite afirmar una cosa y la contraria. Por eso lo que en Espa\u00f1a es rescatar a los bancos, en Grecia es un rescate ciudadano<\/strong><\/p>\n<p>Julio Camba, el mejor cronista viajero, descre\u00eddo e ir\u00f3nico que dio el periodismo espa\u00f1ol en el siglo XX, junto a Josep Pla, limitaba la esencia de los cambios pol\u00edticos en Espa\u00f1a al cambio de los nombres de las calles, \u00ablo cual -dec\u00eda- siempre es un engorro\u00bb. En 1937, Manuel Aza\u00f1a lo se\u00f1al\u00f3 con claridad como un vicio pol\u00edtico espa\u00f1ol: \u00abUna de las primeras cosas que hace en nuestro pa\u00eds cualquier movimiento pol\u00edtico es cambiar el nombre de las calles. Inocente man\u00eda, que parece responder a la ilusi\u00f3n de borrar el pasado hasta en sus vestigios m\u00e1s anodinos y apoderarse del presente y del ma\u00f1ana\u00bb. En eso parece estar ocupado el equipo de la alcaldesa de Madrid, Manuela Carmena, en cumplimiento estricto, seg\u00fan aseguran, de la Ley de la Memoria Hist\u00f3rica, lo cual no deja de tener su aqu\u00e9l recordando la laxitud que mostr\u00f3 su hom\u00f3loga en Barcelona, Ada Colau, sobre el principio de legalidad, la columna del estado de derecho: \u00abSi hay que desobedecer leyes injustas, se desobedecen\u00bb.<\/p>\n<p>La indefinici\u00f3n y la ambig\u00fcedad en la que se mueve la nueva izquierda m\u00e1s all\u00e1 del PSOE permite afirmar una cosa y la contraria. Por eso lo que en Espa\u00f1a es rescatar a los bancos, en Grecia es un rescate ciudadano. Y proponer a Bruselas un plan de ayuda para Grecia, casi id\u00e9ntico al rechazado en las urnas cinco d\u00edas antes, sigue siendo un triunfo de la democracia. El populismo se abona a todo tipo de malabarismos ideol\u00f3gicos y demag\u00f3gicos si sirven para ocupar el poder o empezar a gestionarlo. De eso va todo. De tomar \u00abel cielo por asalto\u00bb, como dijo Pablo Iglesias. Si Juan Carlos Monedero defin\u00eda su proyecto como \u2018Leninismo amable\u2019 y el l\u00edder de Podemos se reconoce c\u00f3modo en la socialdemocracia es porque la meta es el poder. Pasar de abajo a arriba, aunque no est\u00e9 claro para qu\u00e9. A Iglesias hay reconocerle que no oculta sus fines y sus pragm\u00e1ticos m\u00e9todos. De ah\u00ed sus pactos con el PSOE para desalojar al PP en todas las comunidades tras el 24M. Y tambi\u00e9n su rechazo el pasado viernes a unirse con la nueva plataforma \u2018Ahora en Com\u00fan\u2019, inspirada en las listas de formaciones y movimientos sociales que triunfaron Madrid y Barcelona. Su raz\u00f3n para el \u2018no\u2019 es elocuente: \u00abCon una coalici\u00f3n de izquierdas ganar ser\u00eda imposible\u00bb. El l\u00edder de Podemos supedita incluso la gesti\u00f3n interna de su partido al mismo fin. Ah\u00ed est\u00e1 su pol\u00e9mico sistema de primarias para conformar las listas al Congreso de los Diputados, con una \u00fanica circunscripci\u00f3n a nivel estatal, en lugar de permitir que los inscritos en cada provincia escojan a sus candidatos en votaciones diferenciadas. Un m\u00e9todo controvertido, porque al haber solo mecanismos correctores en Catalu\u00f1a, la Comunidad Valenciana y Galicia, no se garantizar\u00eda, por ejemplo, un m\u00ednimo n\u00famero de candidatos de la Regi\u00f3n de Murcia, Extremadura o Asturias. Adem\u00e1s se pueden votar \u2018listas planchas\u2019, equipos completos con un solo \u2018click\u2019, lo que favorece, seg\u00fan los cr\u00edticos, a las m\u00e1s arropadas por Iglesias. Un sistema, a la postre, que prioriza el control del partido desde arriba por quien est\u00e1 convencido de que solo \u00e9l y sus pr\u00f3ximos saben c\u00f3mo ganar las generales.<\/p>\n<p>Cada d\u00eda que pasa, sin embargo, Iglesias tendr\u00e1 m\u00e1s dif\u00edcil contener sus rebeliones internas y convencer a los votantes de que su partido es, sencillamente, el que representa a la \u00abgente\u00bb. Las primeras decisiones y pol\u00e9micas que envuelven a las listas de unidad popular en Madrid y Barcelona, aunque ajenas a Podemos, no le  ayudan. Muchos de los que apoyaron a la formaci\u00f3n magenta en las europeas y las municipales se preguntan ya para qu\u00e9 quiere Iglesias el poder y cu\u00e1l es su verdadero proyecto de pa\u00eds detr\u00e1s de ese c\u00f3ctel de gestos e ideas-fuerza ideadas por polit\u00f3logos, expertos en marketing y telegenia. Podemos se benefici\u00f3 de su gran capacidad de empat\u00eda social en una ciudadan\u00eda \u00e1vida de cambios, pero  \u00e9sta ahora espera de todos los partidos una responsable administraci\u00f3n de la dispersi\u00f3n del voto, una capacidad contrastada para pactar con presteza y solvencia y sobre todo la resoluci\u00f3n de todos sus problemas econ\u00f3micos, sociales y pol\u00edticos. Su famoso \u2018tic tac tic tac\u2019 corre para todos. Tambi\u00e9n para \u00e9l.<\/p>\n","protected":false},"excerpt":{"rendered":"<p>La indefinici\u00f3n y la ambig\u00fcedad en la que se mueve la nueva izquierda m\u00e1s all\u00e1 del PSOE permite afirmar una cosa y la contraria. Por eso lo que en Espa\u00f1a es rescatar a los bancos, en Grecia es un rescate ciudadano Julio Camba, el mejor cronista viajero, descre\u00eddo e ir\u00f3nico que dio el periodismo espa\u00f1ol [&hellip;]<\/p>\n","protected":false},"author":11,"featured_media":0,"comment_status":"closed","ping_status":"open","sticky":false,"template":"","format":"standard","meta":[],"categories":[36],"tags":[],"_links":{"self":[{"href":"https:\/\/blogs.laverdad.es\/primeraplana\/wp-json\/wp\/v2\/posts\/756"}],"collection":[{"href":"https:\/\/blogs.laverdad.es\/primeraplana\/wp-json\/wp\/v2\/posts"}],"about":[{"href":"https:\/\/blogs.laverdad.es\/primeraplana\/wp-json\/wp\/v2\/types\/post"}],"author":[{"embeddable":true,"href":"https:\/\/blogs.laverdad.es\/primeraplana\/wp-json\/wp\/v2\/users\/11"}],"replies":[{"embeddable":true,"href":"https:\/\/blogs.laverdad.es\/primeraplana\/wp-json\/wp\/v2\/comments?post=756"}],"version-history":[{"count":0,"href":"https:\/\/blogs.laverdad.es\/primeraplana\/wp-json\/wp\/v2\/posts\/756\/revisions"}],"wp:attachment":[{"href":"https:\/\/blogs.laverdad.es\/primeraplana\/wp-json\/wp\/v2\/media?parent=756"}],"wp:term":[{"taxonomy":"category","embeddable":true,"href":"https:\/\/blogs.laverdad.es\/primeraplana\/wp-json\/wp\/v2\/categories?post=756"},{"taxonomy":"post_tag","embeddable":true,"href":"https:\/\/blogs.laverdad.es\/primeraplana\/wp-json\/wp\/v2\/tags?post=756"}],"curies":[{"name":"wp","href":"https:\/\/api.w.org\/{rel}","templated":true}]}}