{"id":757,"date":"2015-07-12T07:55:12","date_gmt":"2015-07-12T05:55:12","guid":{"rendered":"http:\/\/blogs.laverdad.es\/primeraplana\/?p=757"},"modified":"2015-07-12T07:55:12","modified_gmt":"2015-07-12T05:55:12","slug":"infrafinanciados","status":"publish","type":"post","link":"https:\/\/blogs.laverdad.es\/primeraplana\/2015\/07\/12\/infrafinanciados\/","title":{"rendered":"Infrafinanciados"},"content":{"rendered":"<p>Todo lo que dice el Gobierno regional y la oposici\u00f3n sobre nuestra financiaci\u00f3n auton\u00f3mica es globalmente cierto si a la operaci\u00f3n no le quitamos interesadamente ning\u00fan sumando: el actual modelo nos perjudica, se ha hecho un gran esfuerzo de contenci\u00f3n del gasto p\u00fablico en los \u00faltimos a\u00f1os, se negociaron mal las transferencias de sanidad y educaci\u00f3n, el modelo productivo que llev\u00f3 aparejado un aumento de ingresos y gastos ten\u00eda los pies de barro&#8230; La sostenibilidad de la Administraci\u00f3n regional y la prestaci\u00f3n de los servicios b\u00e1sicos, en un contexto de d\u00e9ficit y deuda elevados, es nuestro principal reto. Superarlo pasa ineludiblemente por un cambio de modelo de financiaci\u00f3n. M\u00e1s a\u00fan si el Gobierno de Rajoy, en raz\u00f3n de los compromisos europeos, no relaja los techos de d\u00e9ficit. A no ser que se dispare el crecimiento, no cumpliremos el objetivo ni en 2016 ni en 2017. Hace bien el consejero de Hacienda, Andr\u00e9s Carrillo, en reclamar que se reactive la comisi\u00f3n t\u00e9cnica que debe perge\u00f1ar el nuevo modelo. Ese debe ser un caballo de batalla del presidente S\u00e1nchez, en paralelo al impulso del turismo o la reindustralizaci\u00f3n regional. Si no, ya puede irse olvidando de su prometida rebaja de impuestos. Dise\u00f1ar un modelo que d\u00e9 satisfacci\u00f3n a todas las comunidades es dif\u00edcil, pero tambi\u00e9n convencer a Rajoy de su urgente necesidad. Al presidente del Gobierno le agobian los problemas territoriales, ya sea el agua o la financiaci\u00f3n. Quien le ha o\u00eddo en privado sabe que sus reformas prioritarias ser\u00e1n la administraci\u00f3n electr\u00f3nica y el mercado \u00fanico. Y respecto al tema de financiaci\u00f3n auton\u00f3mica se le oye ponderar tanto el criterio de incremento de la poblaci\u00f3n como el de su dispersi\u00f3n. No va a ser sencillo lograr mecanismos de solidaridad, pero a la Regi\u00f3n no le queda otra que dar la batalla.<\/p>\n","protected":false},"excerpt":{"rendered":"<p>Todo lo que dice el Gobierno regional y la oposici\u00f3n sobre nuestra financiaci\u00f3n auton\u00f3mica es globalmente cierto si a la operaci\u00f3n no le quitamos interesadamente ning\u00fan sumando: el actual modelo nos perjudica, se ha hecho un gran esfuerzo de contenci\u00f3n del gasto p\u00fablico en los \u00faltimos a\u00f1os, se negociaron mal las transferencias de sanidad y [&hellip;]<\/p>\n","protected":false},"author":11,"featured_media":0,"comment_status":"closed","ping_status":"open","sticky":false,"template":"","format":"standard","meta":[],"categories":[36],"tags":[],"_links":{"self":[{"href":"https:\/\/blogs.laverdad.es\/primeraplana\/wp-json\/wp\/v2\/posts\/757"}],"collection":[{"href":"https:\/\/blogs.laverdad.es\/primeraplana\/wp-json\/wp\/v2\/posts"}],"about":[{"href":"https:\/\/blogs.laverdad.es\/primeraplana\/wp-json\/wp\/v2\/types\/post"}],"author":[{"embeddable":true,"href":"https:\/\/blogs.laverdad.es\/primeraplana\/wp-json\/wp\/v2\/users\/11"}],"replies":[{"embeddable":true,"href":"https:\/\/blogs.laverdad.es\/primeraplana\/wp-json\/wp\/v2\/comments?post=757"}],"version-history":[{"count":0,"href":"https:\/\/blogs.laverdad.es\/primeraplana\/wp-json\/wp\/v2\/posts\/757\/revisions"}],"wp:attachment":[{"href":"https:\/\/blogs.laverdad.es\/primeraplana\/wp-json\/wp\/v2\/media?parent=757"}],"wp:term":[{"taxonomy":"category","embeddable":true,"href":"https:\/\/blogs.laverdad.es\/primeraplana\/wp-json\/wp\/v2\/categories?post=757"},{"taxonomy":"post_tag","embeddable":true,"href":"https:\/\/blogs.laverdad.es\/primeraplana\/wp-json\/wp\/v2\/tags?post=757"}],"curies":[{"name":"wp","href":"https:\/\/api.w.org\/{rel}","templated":true}]}}