{"id":758,"date":"2015-07-13T09:57:11","date_gmt":"2015-07-13T07:57:11","guid":{"rendered":"http:\/\/blogs.laverdad.es\/primeraplana\/?p=758"},"modified":"2015-07-13T09:57:11","modified_gmt":"2015-07-13T07:57:11","slug":"rajoy-y-los-hilitos-del-pp","status":"publish","type":"post","link":"https:\/\/blogs.laverdad.es\/primeraplana\/2015\/07\/13\/rajoy-y-los-hilitos-del-pp\/","title":{"rendered":"Rajoy y los hilitos del PP"},"content":{"rendered":"<p>De la Conferencia Pol\u00edtica del PP salen \u00abpeque\u00f1os hilitos, en concreto cuatro regueros solidificados con aspecto de plastelina en estiramiento vertical\u00bb: 1. Los militantes podr\u00e1n elegir en congresos a los presidentes provinciales, regionales y al presidente nacional. 2. Se limitar\u00e1n los mandatos. 3. Se endurecer\u00e1n las incompatibilidades entre los cargos institucionales y org\u00e1nicos. 4. Se har\u00e1 firmar la renuncia a quienes ocupen cargos y sean imputados (deber\u00e1n abandonar el PP en el momento de la apertura de juicio oral). \u00abLos t\u00e9cnicos  est\u00e1n estudiando qu\u00e9 significa esto, pero en principio parece esperanzador que en la zona no se aprecian manchas de chapapote\u00bb (fin de la cita). A la espera del an\u00e1lisis de lo que surge de las grietas, y como opositor a registrador que fue, Rajoy se aferra de momento a su temario (la recuperaci\u00f3n econ\u00f3mica) y ah\u00ed sigue, aislado en su burbuja, preparando el examen de las generales.<\/p>\n","protected":false},"excerpt":{"rendered":"<p>De la Conferencia Pol\u00edtica del PP salen \u00abpeque\u00f1os hilitos, en concreto cuatro regueros solidificados con aspecto de plastelina en estiramiento vertical\u00bb: 1. Los militantes podr\u00e1n elegir en congresos a los presidentes provinciales, regionales y al presidente nacional. 2. Se limitar\u00e1n los mandatos. 3. Se endurecer\u00e1n las incompatibilidades entre los cargos institucionales y org\u00e1nicos. 4. Se [&hellip;]<\/p>\n","protected":false},"author":11,"featured_media":0,"comment_status":"closed","ping_status":"open","sticky":false,"template":"","format":"standard","meta":[],"categories":[36],"tags":[],"_links":{"self":[{"href":"https:\/\/blogs.laverdad.es\/primeraplana\/wp-json\/wp\/v2\/posts\/758"}],"collection":[{"href":"https:\/\/blogs.laverdad.es\/primeraplana\/wp-json\/wp\/v2\/posts"}],"about":[{"href":"https:\/\/blogs.laverdad.es\/primeraplana\/wp-json\/wp\/v2\/types\/post"}],"author":[{"embeddable":true,"href":"https:\/\/blogs.laverdad.es\/primeraplana\/wp-json\/wp\/v2\/users\/11"}],"replies":[{"embeddable":true,"href":"https:\/\/blogs.laverdad.es\/primeraplana\/wp-json\/wp\/v2\/comments?post=758"}],"version-history":[{"count":0,"href":"https:\/\/blogs.laverdad.es\/primeraplana\/wp-json\/wp\/v2\/posts\/758\/revisions"}],"wp:attachment":[{"href":"https:\/\/blogs.laverdad.es\/primeraplana\/wp-json\/wp\/v2\/media?parent=758"}],"wp:term":[{"taxonomy":"category","embeddable":true,"href":"https:\/\/blogs.laverdad.es\/primeraplana\/wp-json\/wp\/v2\/categories?post=758"},{"taxonomy":"post_tag","embeddable":true,"href":"https:\/\/blogs.laverdad.es\/primeraplana\/wp-json\/wp\/v2\/tags?post=758"}],"curies":[{"name":"wp","href":"https:\/\/api.w.org\/{rel}","templated":true}]}}