{"id":760,"date":"2015-07-19T07:44:15","date_gmt":"2015-07-19T05:44:15","guid":{"rendered":"http:\/\/blogs.laverdad.es\/primeraplana\/?p=760"},"modified":"2015-07-19T07:44:15","modified_gmt":"2015-07-19T05:44:15","slug":"el-leviatan-energetico","status":"publish","type":"post","link":"https:\/\/blogs.laverdad.es\/primeraplana\/2015\/07\/19\/el-leviatan-energetico\/","title":{"rendered":"El leviat\u00e1n energ\u00e9tico"},"content":{"rendered":"<p><strong>Con miles de familias atrapadas en el despliegue de los huertos solares, y el conjunto de consumidores pagando el cuarto recibo de luz m\u00e1s caro de la Eurozona, seguimos lastrados por errores regulatorios en cadena desde 1990<\/strong><\/p>\n<p>La Comisi\u00f3n Europea situ\u00f3 d\u00edas atr\u00e1s a Espa\u00f1a en el grupo de nueve pa\u00edses que no lograr\u00e1n la cuota del 20% en energ\u00edas renovables en 2020. Lo peor, sin embargo, no es que no hayamos ido demasiado lejos, sino que fuimos demasiado deprisa, cometiendo desde 1990 una cadena de errores regulatorios que dinamitaron la seguridad jur\u00eddica de quienes apostaron, por convicci\u00f3n o inter\u00e9s econ\u00f3mico, por unas energ\u00edas limpias que reforzaban nuestra capacidad de suministro y de respuesta al cambio clim\u00e1tico. Hoy hay planteados m\u00e1s de 300 recursos de empresas fotovoltaicas en el Supremo por el recorte de las primas a las renovables decretado en 2014. Y dieciocho fondos de inversi\u00f3n extranjeros, junto con grandes corporaciones internacionales, han recurrido a comit\u00e9s de arbitraje internacionales. Lo m\u00e1s sangrante es que existen 65.000 familias, muchas de la Regi\u00f3n, que invirtieron sus ahorros en proyectos de energ\u00eda fotovoltaica en todo el territorio nacional. La historia viene de lejos y tiene una muy dif\u00edcil soluci\u00f3n, porque est\u00e1 ligada a otro gran problema, el llamado d\u00e9ficit de tarifa, la diferencia entre lo que cuesta producir y distribuir la electricidad y lo que ingresa el sistema el\u00e9ctrico.<br \/>\nMiguel Sebasti\u00e1n, exministro socialista de Industrial y Energ\u00eda, no escap\u00f3 a las cr\u00edticas del sector fotovoltaico, pero hay que reconocerle que es quien ha hecho el mayor ejercicio de autocr\u00edtica apartidista en los \u00faltimos a\u00f1os. Seg\u00fan Sebasti\u00e1n, fueron cinco los grandes errores del despliegue de las renovables. En primer lugar haber convertido al sector industrial, en vez de en receptor de las ayudas, en pagador del sistema de primas, junto al resto de los consumidores, a costa de su competitividad. En otras palabras, se debi\u00f3 apostar por m\u00e1s paneles solares en los techos de las industrias y menos en aquellos terrenos que no val\u00edan para la inversi\u00f3n inmobiliaria. El segundo error, cometido por Aznar y Zapatero, fue haber incluido las primas en la tarifa el\u00e9ctrica (a cargo de los consumidores) y no en los Presupuestos del Estado, lo que hubiera obligado a mirar con lupa los decretos de ayudas. La tercera equivocaci\u00f3n fue fijar de antemano y a ciegas una prima sin fijar l\u00edmite a la capacidad instalada, lo que propici\u00f3 la burbuja de huertos fotovoltaicos. El cuarto tropiezo fue remunerar la tecnolog\u00eda en funci\u00f3n de las horas producidas sin un l\u00edmite expreso, de tal forma que cuanto m\u00e1s energ\u00eda limpia se produc\u00eda m\u00e1s pagaban los consumidores en el recibo de la luz. Y el quinto, que achaca a su predecesor, Joan Clos, fue no haber impedido la conversi\u00f3n de los proyectos de huertos fotovoltaicos en productos financieros de alta rentabilidad garantizada. Si se hubiera impedido la reventa de esas concesiones administrativas en paquetes fragmentados que se colocaban a peque\u00f1os inversores o ahorradores, a trav\u00e9s de bancos y cajas que ganaban sus buenas comisiones, hoy no habr\u00eda miles de familias al borde de la ruina (A otros particulares, por cierto, nos le fue nada mal con las reventas). La crisis, con la consiguiente ca\u00edda de la demanda de energ\u00eda, y un d\u00e9ficit de tarifa que alcanzaba los 30.000 millones en 2014, terminan por complicar un panorama endiablado. Porque a todo esto, pese a la liberalizaci\u00f3n del mercado y las reformas, el precio de la luz que pagan los hogares espa\u00f1oles se increment\u00f3 un 60%, impuestos incluidos, entre 2007 y 2014. Hoy ya somos el cuarto pa\u00eds donde m\u00e1s cara se paga la energ\u00eda de la Eurozona.<br \/>\nLa \u00faltima gota que ha colmado el vaso de la paciencia en Murcia fue la decisi\u00f3n del Ministerio de Industria de enmendar la ley regional que subvencionaba el autoconsumo. Apoyada por todos los grupos de la Asamblea, la norma era una v\u00eda para ayudar a esos murcianos atrapados en la burbuja fotovoltaica y para seguir apostando por un sector que en la Regi\u00f3n, por sus horas de sol, tendr\u00eda un futuro espectacular si hubiera un mercado realmente liberalizado y el autoconsumo fuera de verdad impulsado, y no frenado como se est\u00e1 haciendo, para contener el d\u00e9ficit de tarifa. En este complejo asunto es f\u00e1cil caer en demagogias, versiones de parte o en conclusiones err\u00f3neas, pero no parece que nuestros responsables pol\u00edticos desde 1990 se merezcan una felicitaci\u00f3n.<\/p>\n","protected":false},"excerpt":{"rendered":"<p>Con miles de familias atrapadas en el despliegue de los huertos solares, y el conjunto de consumidores pagando el cuarto recibo de luz m\u00e1s caro de la Eurozona, seguimos lastrados por errores regulatorios en cadena desde 1990 La Comisi\u00f3n Europea situ\u00f3 d\u00edas atr\u00e1s a Espa\u00f1a en el grupo de nueve pa\u00edses que no lograr\u00e1n la [&hellip;]<\/p>\n","protected":false},"author":11,"featured_media":0,"comment_status":"closed","ping_status":"open","sticky":false,"template":"","format":"standard","meta":[],"categories":[3],"tags":[],"_links":{"self":[{"href":"https:\/\/blogs.laverdad.es\/primeraplana\/wp-json\/wp\/v2\/posts\/760"}],"collection":[{"href":"https:\/\/blogs.laverdad.es\/primeraplana\/wp-json\/wp\/v2\/posts"}],"about":[{"href":"https:\/\/blogs.laverdad.es\/primeraplana\/wp-json\/wp\/v2\/types\/post"}],"author":[{"embeddable":true,"href":"https:\/\/blogs.laverdad.es\/primeraplana\/wp-json\/wp\/v2\/users\/11"}],"replies":[{"embeddable":true,"href":"https:\/\/blogs.laverdad.es\/primeraplana\/wp-json\/wp\/v2\/comments?post=760"}],"version-history":[{"count":0,"href":"https:\/\/blogs.laverdad.es\/primeraplana\/wp-json\/wp\/v2\/posts\/760\/revisions"}],"wp:attachment":[{"href":"https:\/\/blogs.laverdad.es\/primeraplana\/wp-json\/wp\/v2\/media?parent=760"}],"wp:term":[{"taxonomy":"category","embeddable":true,"href":"https:\/\/blogs.laverdad.es\/primeraplana\/wp-json\/wp\/v2\/categories?post=760"},{"taxonomy":"post_tag","embeddable":true,"href":"https:\/\/blogs.laverdad.es\/primeraplana\/wp-json\/wp\/v2\/tags?post=760"}],"curies":[{"name":"wp","href":"https:\/\/api.w.org\/{rel}","templated":true}]}}