{"id":762,"date":"2015-07-19T07:48:04","date_gmt":"2015-07-19T05:48:04","guid":{"rendered":"http:\/\/blogs.laverdad.es\/primeraplana\/?p=762"},"modified":"2015-07-19T07:48:04","modified_gmt":"2015-07-19T05:48:04","slug":"consulta-inutil","status":"publish","type":"post","link":"https:\/\/blogs.laverdad.es\/primeraplana\/2015\/07\/19\/consulta-inutil\/","title":{"rendered":"Consulta in\u00fatil"},"content":{"rendered":"<p>El PP est\u00e1 haciendo m\u00e1s grande la derrota que se le avecina con la reforma electoral que prometi\u00f3 hace 20 a\u00f1os y ahora le imponen C\u2019s, PSOE y Podemos. Un desliz de Pedro Antonio S\u00e1nchez, cuando solemniz\u00f3 la obviedad de que habr\u00eda elecciones si en el plazo legal de dos meses no era investido, dispar\u00f3 el recelo de una oposici\u00f3n, que teme otra llamada a las urnas, a partir de enero, si el Gobierno se siente maniatado. De ah\u00ed las prisas por blindar la circunscripci\u00f3n \u00fanica y el umbral del 3% de votos. El PP lleva parte de raz\u00f3n, pero es v\u00edctima de sus errores pasados y presentes. Siendo m\u00e1s justa que la actual, la ley es susceptible de mejora. Y ser\u00eda deseable que pasara antes por el Consejo Jur\u00eddico y el CES, pero pide lo que no hizo con la Ley del Suelo y otras normas aprobadas en aluvi\u00f3n a un mes del 24M. A eso se suma la revelaci\u00f3n de \u2018La Verdad\u2019, hace un a\u00f1o, sobre el plan embrionario del PP de cambiar la ley para aumentar las circunscripciones. No fue un globo sonda. Nadie filtra a un peri\u00f3dico un hecho sabiendo que, editorialmente, se va a posicionar en contra. Aquella era una reforma ideada a inter\u00e9s de parte y a hurtadillas. El mayor error ahora es la insistencia de S\u00e1nchez en que la ley no entre en vigor hasta que se someta a consulta popular. En el mejor de los casos solo servir\u00eda para dejar en evidencia, moment\u00e1neamente, a la oposici\u00f3n. Aunque no es vinculante, con ella se busca el refrendo o el rechazo de una reforma legal. De facto, ser\u00eda una consulta referendataria que, como dijo el TC en su fallo sobre la Ley de consultas catalana, necesitar\u00eda autorizaci\u00f3n del Gobierno central. Supongamos que eso no es problema, se hace y hay rechazo abrumador. La oposici\u00f3n estar\u00eda impelida a cambiar la norma, aunque no legalmente. \u00bfHabr\u00eda, en coherencia, otra consulta una vez modificada la reforma? Las consultas populares son positivas, pero a los ciudadanos hay que preguntarles antes, no despu\u00e9s. Tampoco cada dos por tres. Y menos por algo sobre lo que ya se han pronunciado en las urnas. Preguntemos hoy a los griegos qu\u00e9 piensan de las consultas in\u00fatiles y de los gobiernos que las convocan.<\/p>\n","protected":false},"excerpt":{"rendered":"<p>El PP est\u00e1 haciendo m\u00e1s grande la derrota que se le avecina con la reforma electoral que prometi\u00f3 hace 20 a\u00f1os y ahora le imponen C\u2019s, PSOE y Podemos. Un desliz de Pedro Antonio S\u00e1nchez, cuando solemniz\u00f3 la obviedad de que habr\u00eda elecciones si en el plazo legal de dos meses no era investido, dispar\u00f3 [&hellip;]<\/p>\n","protected":false},"author":11,"featured_media":0,"comment_status":"closed","ping_status":"open","sticky":false,"template":"","format":"standard","meta":[],"categories":[3],"tags":[],"_links":{"self":[{"href":"https:\/\/blogs.laverdad.es\/primeraplana\/wp-json\/wp\/v2\/posts\/762"}],"collection":[{"href":"https:\/\/blogs.laverdad.es\/primeraplana\/wp-json\/wp\/v2\/posts"}],"about":[{"href":"https:\/\/blogs.laverdad.es\/primeraplana\/wp-json\/wp\/v2\/types\/post"}],"author":[{"embeddable":true,"href":"https:\/\/blogs.laverdad.es\/primeraplana\/wp-json\/wp\/v2\/users\/11"}],"replies":[{"embeddable":true,"href":"https:\/\/blogs.laverdad.es\/primeraplana\/wp-json\/wp\/v2\/comments?post=762"}],"version-history":[{"count":0,"href":"https:\/\/blogs.laverdad.es\/primeraplana\/wp-json\/wp\/v2\/posts\/762\/revisions"}],"wp:attachment":[{"href":"https:\/\/blogs.laverdad.es\/primeraplana\/wp-json\/wp\/v2\/media?parent=762"}],"wp:term":[{"taxonomy":"category","embeddable":true,"href":"https:\/\/blogs.laverdad.es\/primeraplana\/wp-json\/wp\/v2\/categories?post=762"},{"taxonomy":"post_tag","embeddable":true,"href":"https:\/\/blogs.laverdad.es\/primeraplana\/wp-json\/wp\/v2\/tags?post=762"}],"curies":[{"name":"wp","href":"https:\/\/api.w.org\/{rel}","templated":true}]}}