{"id":764,"date":"2015-07-26T08:11:20","date_gmt":"2015-07-26T06:11:20","guid":{"rendered":"http:\/\/blogs.laverdad.es\/primeraplana\/?p=764"},"modified":"2015-07-26T08:11:20","modified_gmt":"2015-07-26T06:11:20","slug":"astroturismo","status":"publish","type":"post","link":"https:\/\/blogs.laverdad.es\/primeraplana\/2015\/07\/26\/astroturismo\/","title":{"rendered":"Astroturismo"},"content":{"rendered":"<p><strong>El turismo es una industria que despunta si hay empresarios y emprendedores que apuesten por esta actividad. El avance ser\u00e1 insuficiente si no exportamos a esta \u00e1rea estrat\u00e9gica el modelo de \u00e9xito de nuestro sector agroalimentario<\/strong><\/p>\n<p>Si pregunt\u00e1ramos a un astrof\u00edsico por el turismo en la Regi\u00f3n de Murcia, despu\u00e9s de aportarle una m\u00ednima informaci\u00f3n estad\u00edstica, es probable que nos dijera que encuentra similitudes con la \u2018paradoja de Fermi\u2019. Se llama as\u00ed a la contradicci\u00f3n existente entre la alt\u00edsima probabilidad cient\u00edfica de que haya numerosas civilizaciones extraterrestres y la ausencia total de contacto con ellas. La cosa no llega a tanto porque tenemos la certeza absoluta de que hay millones de turistas en Europa que buscan muchas horas de sol y de hecho ya hemos contactado con ellos. Donde estriba nuestra paradoja es en el hecho de que, teniendo los atractivos para ser \u2018colonizados\u2019 todo el a\u00f1o por decenas de miles de extranjeros, estamos a\u00fan a \u2018a\u00f1os luz\u2019 en visitantes que Alicante. La cifra de 359.256 turistas europeos en el primer semestre, un 7% m\u00e1s que en el mismo periodo del a\u00f1o anterior, no est\u00e1 nada mal para la Regi\u00f3n. Demuestra que en los \u00faltimos tiempos se estaban haciendo las cosas bien, aprovechando un contexto internacional favorable, pero lo cierto es que a\u00fan estamos lejos de nuestras m\u00e1ximas posibilidades.<\/p>\n<p>Si sigui\u00e9ramos preguntando al astrof\u00edsico por las razones de nuestro atraso tur\u00edstico, nos apuntar\u00eda varias hip\u00f3tesis. Una, que lanzamos mensajes al exterior de manera intermitente y que nuestras se\u00f1ales no son bien entendidas cuando se reciben. En otras palabras, que la promoci\u00f3n exterior de la Regi\u00f3n en los mercados tur\u00edsticos empez\u00f3 tarde, es d\u00e9bil, fluctuante, confusa y poco persistente en el tiempo. La segunda explicaci\u00f3n del cient\u00edfico ser\u00eda que estamos demasiado lejos y eso explica el menor \u00edndice de visitantes. No se equivoca. Entre \u00c1guilas y el aeropuerto de San Javier hay 105 kil\u00f3metros, 174 kil\u00f3metros si la referencia es el Altet de Alicante. No le pidamos a un turista brit\u00e1nico o n\u00f3rdico que dedique cuatro horas de su corto fin de semana a desplazarse por las carreteras murcianas y hagamos lo posible por abrir cuanto antes el aeropuerto de Corvera. Si es posible, haciendo una inteligente gesti\u00f3n de las tarifas aeroportuarias, como el Puerto de Cartagena, para conseguir ser un destino de inter\u00e9s para las compa\u00f1\u00edas a\u00e9reas.<\/p>\n<p>Como es natural, los astrof\u00edsicos no tienen ni idea de turismo, un \u00e1rea especializada de conocimiento en la que nos estamos faltos de expertos porque Espa\u00f1a es una potencia mundial que este a\u00f1o batir\u00e1 su propio r\u00e9cord de visitantes extranjeros. Que sean estos especialistas los que ayuden a los representantes p\u00fablicos a marcar la hoja de ruta y fijar prioridades, a partir de un modelo tur\u00edstico bien estudiado, sostenible y de calidad, que vaya acompa\u00f1ado de una suficiente asignaci\u00f3n de recursos y de un empe\u00f1o estrat\u00e9gico de la Administraci\u00f3n regional. Esos expertos podr\u00e1n aclararnos por qu\u00e9 el Mar Menor, una laguna con todos los ingredientes \u00fanicos para ser un enclave de enorme atractivo tur\u00edstico, no es hoy uno de los principales destinos espa\u00f1oles. Nos va mucho en ello porque el turismo est\u00e1 siendo, junto a la agricultura, el \u00e1rea estrat\u00e9gica que m\u00e1s est\u00e1 contribuyendo a la recuperaci\u00f3n de puestos de trabajo en la Regi\u00f3n. En el primer semestre del a\u00f1o, el empleo en el sector creci\u00f3 un 16%, con un alto \u00edndice de contratos indefinidos. Son 34.112 afiliados a la Seguridad Social que pueden llegar a 41.000 en tres a\u00f1os. El nuevo Gobierno regional ya se ha fijado el ambicioso objetivo de ganar 1,3 millones de visitantes en los pr\u00f3ximos cuatros a\u00f1os a fin de que el turismo aumente dos puntos su peso relativo en el PIB regional.<br \/>\nTodo esto no se conseguir\u00e1 si no hay implicaci\u00f3n de la iniciativa privada. Es necesario el impulso y el liderazgo de las administraciones p\u00fablicas, pero el turismo es una industria que despunta si hay empresarios y emprendedores que apuesten por el sector. De poco servir\u00e1 el AVE y Corvera si sigue habiendo menos camas hoteleras en toda la Regi\u00f3n que en la localidad almeriense de Roquetas, una circunstancia que nos hace invisibles para los grandes touroperadores. Nuestra agricultura es competitiva porque se apoya en un sector agroalimentario altamente cualificado. Si ese modelo de \u00e9xito no se traslada al turismo, el avance ser\u00e1 insuficiente y seguiremos a \u2018a\u00f1os luz\u2019 de nuestros vecinos.<\/p>\n","protected":false},"excerpt":{"rendered":"<p>El turismo es una industria que despunta si hay empresarios y emprendedores que apuesten por esta actividad. El avance ser\u00e1 insuficiente si no exportamos a esta \u00e1rea estrat\u00e9gica el modelo de \u00e9xito de nuestro sector agroalimentario Si pregunt\u00e1ramos a un astrof\u00edsico por el turismo en la Regi\u00f3n de Murcia, despu\u00e9s de aportarle una m\u00ednima informaci\u00f3n [&hellip;]<\/p>\n","protected":false},"author":11,"featured_media":0,"comment_status":"closed","ping_status":"open","sticky":false,"template":"","format":"standard","meta":[],"categories":[3],"tags":[],"_links":{"self":[{"href":"https:\/\/blogs.laverdad.es\/primeraplana\/wp-json\/wp\/v2\/posts\/764"}],"collection":[{"href":"https:\/\/blogs.laverdad.es\/primeraplana\/wp-json\/wp\/v2\/posts"}],"about":[{"href":"https:\/\/blogs.laverdad.es\/primeraplana\/wp-json\/wp\/v2\/types\/post"}],"author":[{"embeddable":true,"href":"https:\/\/blogs.laverdad.es\/primeraplana\/wp-json\/wp\/v2\/users\/11"}],"replies":[{"embeddable":true,"href":"https:\/\/blogs.laverdad.es\/primeraplana\/wp-json\/wp\/v2\/comments?post=764"}],"version-history":[{"count":0,"href":"https:\/\/blogs.laverdad.es\/primeraplana\/wp-json\/wp\/v2\/posts\/764\/revisions"}],"wp:attachment":[{"href":"https:\/\/blogs.laverdad.es\/primeraplana\/wp-json\/wp\/v2\/media?parent=764"}],"wp:term":[{"taxonomy":"category","embeddable":true,"href":"https:\/\/blogs.laverdad.es\/primeraplana\/wp-json\/wp\/v2\/categories?post=764"},{"taxonomy":"post_tag","embeddable":true,"href":"https:\/\/blogs.laverdad.es\/primeraplana\/wp-json\/wp\/v2\/tags?post=764"}],"curies":[{"name":"wp","href":"https:\/\/api.w.org\/{rel}","templated":true}]}}