{"id":780,"date":"2015-09-27T07:34:48","date_gmt":"2015-09-27T05:34:48","guid":{"rendered":"http:\/\/blogs.laverdad.es\/primeraplana\/?p=780"},"modified":"2015-09-27T07:34:48","modified_gmt":"2015-09-27T05:34:48","slug":"el-laberinto-catalan","status":"publish","type":"post","link":"https:\/\/blogs.laverdad.es\/primeraplana\/2015\/09\/27\/el-laberinto-catalan\/","title":{"rendered":"El laberinto catal\u00e1n"},"content":{"rendered":"<p><strong>La \u00fanica esperanza para evitar el desastre que apuntan los sondeos es la afluencia masiva a las urnas de los catalanes que apuestan por no romper lazos porque se sienten parte relevante de Espa\u00f1a<\/strong><\/p>\n<p>No puedo dejar de acordarme hoy, cuando millones de catalanes deciden en las urnas much\u00edsimo m\u00e1s que la composici\u00f3n de su Parlamento, de algunas sensaciones que experiment\u00e9 en 2008 en una visita al entonces presidente Jos\u00e9 Montilla. La primera impresi\u00f3n en el Palau de la Generalitat vino de la constataci\u00f3n de que el \u2018tripartito\u2019 era un gobierno de coalici\u00f3n donde hasta el reparto del espacio f\u00edsico era triangular. Carod Rovira (ERC) y Joan Saura (ICV) flanqueaban las dependencias de las dos alas de la primera planta, mientras que Montilla ocupaba las estancias reservadas al presidente en una planta superior. Sus palabras revelaban la compleja gobernanza con sus socios. Afable, pero inexpresivo por su acentuada sobriedad gestual, como la de un animal que opta por el camuflaje y la inmovilidad al verse acechado, Montilla transmit\u00eda una imagen de dirigente maniatado y vigilado, como cautivo en palacio. As\u00ed le fue. No lo ten\u00eda nada f\u00e1cil aquel president al que los nacionalistas, empezando por la inefable esposa de Jordi Pujol, le reprochaban, deleznablemente, sus or\u00edgenes charnegos.<\/p>\n<p>Mucho m\u00e1s cautivos, inmovilizados y vigilados han estado durante d\u00e9cadas en Catalu\u00f1a amplios sectores sociales de ideolog\u00eda dispar por la presi\u00f3n del nacionalismo m\u00e1s excluyente. La \u2018cuesti\u00f3n catalana\u2019 que ya se planteaba Ortega viene de muy lejos, pero fueron los primeros Gobiernos de CiU quienes la llevaron al disparadero. Sabedores de que, como dec\u00eda Baroja, el carlismo se cura leyendo y el nacionalismo viajando, la inmersi\u00f3n ling\u00fc\u00edstica y la alambicada fabulaci\u00f3n de la historia en las escuelas fue ejecutada con precisi\u00f3n y persistencia. D\u00e9cadas de adoctrinamiento en las aulas han engendrado este magma social. De nada sirvieron las sentencias del Supremo que certificaban la vulneraci\u00f3n de los derechos de los castellanoparlantes, ya fueran padres de alumnos o comerciantes del Barrio G\u00f3tico. Cualquier cosa era posible para conducir a los catalanes, como a Sancho Panza, aunque sin nobleza, hacia una \u00cdnsula Barataria inexistente. Por ejemplo, renunciar a parte del legado cultural, marginando a lo mejor de las letras catalanas: Juan Mars\u00e9, Eduardo Mendoza, Enrique Vila-Matas, Sergi P\u00e0mies y Javier Cercas, entre otros \u00abinadecuados espirituales\u00bb, como tach\u00f3 Pujol a Josep Pla por su rechazo del nacionalismo y por escribir en espa\u00f1ol. Igual ten\u00eda raz\u00f3n Antonio Maura -el problema catal\u00e1n \u00absolo es cuesti\u00f3n de cincuenta a\u00f1os de administraci\u00f3n honrada\u00bb-, pero el 3% y la retah\u00edla de casos de corrupci\u00f3n nos ha impedido comprobarlo.<br \/>\nLa principal esperanza para evitar el desastre que apuntan los sondeos es la afluencia masiva a las urnas de los catalanes que apuestan por no romper lazos porque se sienten parte relevante de Espa\u00f1a. M\u00e1s vale que sea as\u00ed. En t\u00e9rminos pol\u00edticos, hist\u00f3ricos, econ\u00f3micos y sociales, los efectos de un proceso unilateral de desconexi\u00f3n de una Comunidad que representa el 18% del PIB nacional son imaginables. No cabe la independencia desde el punto de vista de la legalidad. Y aun as\u00ed, la jornada de hoy es inquietante por la ausencia de un plan real en los centros de poder de Madrid y Barcelona para el d\u00eda despu\u00e9s, cualquiera que sea el resultado. Hace tiempo que a Artur Mas se le fue de las manos el proceso separatista. Encendi\u00f3 la mecha cuando estall\u00f3 la crisis y las protestas brotaron ante los hospitales por su mala gesti\u00f3n. Hoy lo propulsan esas organizaciones sociales que llenar\u00e1n la noche de esteladas si la aritm\u00e9tica parlamentaria les sonr\u00ede. Hasta el Gobierno de Rajoy se zambull\u00f3 en el hervidero emocional de quienes plantearon estas elecciones como un plebiscito. A la desesperada intent\u00f3 movilizar el voto indeciso con ayuda de la UE y de los principales l\u00edderes mundiales, que advirtieron de las funestas consecuencias de una te\u00f3rica independencia. Si al final el miedo al abismo no impide un recuento adverso, Rajoy debe salir esta noche para dejar claro que, mientras no se cambie la Constituci\u00f3n, cualquier decisi\u00f3n sobre la unidad del pa\u00eds recae en el conjunto de los espa\u00f1oles. Somos el pa\u00eds de las patrias chicas, dec\u00eda el historiador Gerald Brenan. Ojal\u00e1 que ese sentimiento no se imponga hoy en Catalu\u00f1a.<\/p>\n","protected":false},"excerpt":{"rendered":"<p>La \u00fanica esperanza para evitar el desastre que apuntan los sondeos es la afluencia masiva a las urnas de los catalanes que apuestan por no romper lazos porque se sienten parte relevante de Espa\u00f1a No puedo dejar de acordarme hoy, cuando millones de catalanes deciden en las urnas much\u00edsimo m\u00e1s que la composici\u00f3n de su [&hellip;]<\/p>\n","protected":false},"author":11,"featured_media":0,"comment_status":"closed","ping_status":"open","sticky":false,"template":"","format":"standard","meta":[],"categories":[3],"tags":[],"_links":{"self":[{"href":"https:\/\/blogs.laverdad.es\/primeraplana\/wp-json\/wp\/v2\/posts\/780"}],"collection":[{"href":"https:\/\/blogs.laverdad.es\/primeraplana\/wp-json\/wp\/v2\/posts"}],"about":[{"href":"https:\/\/blogs.laverdad.es\/primeraplana\/wp-json\/wp\/v2\/types\/post"}],"author":[{"embeddable":true,"href":"https:\/\/blogs.laverdad.es\/primeraplana\/wp-json\/wp\/v2\/users\/11"}],"replies":[{"embeddable":true,"href":"https:\/\/blogs.laverdad.es\/primeraplana\/wp-json\/wp\/v2\/comments?post=780"}],"version-history":[{"count":0,"href":"https:\/\/blogs.laverdad.es\/primeraplana\/wp-json\/wp\/v2\/posts\/780\/revisions"}],"wp:attachment":[{"href":"https:\/\/blogs.laverdad.es\/primeraplana\/wp-json\/wp\/v2\/media?parent=780"}],"wp:term":[{"taxonomy":"category","embeddable":true,"href":"https:\/\/blogs.laverdad.es\/primeraplana\/wp-json\/wp\/v2\/categories?post=780"},{"taxonomy":"post_tag","embeddable":true,"href":"https:\/\/blogs.laverdad.es\/primeraplana\/wp-json\/wp\/v2\/tags?post=780"}],"curies":[{"name":"wp","href":"https:\/\/api.w.org\/{rel}","templated":true}]}}