{"id":784,"date":"2015-10-01T13:27:45","date_gmt":"2015-10-01T11:27:45","guid":{"rendered":"http:\/\/blogs.laverdad.es\/primeraplana\/?p=784"},"modified":"2015-10-01T13:27:45","modified_gmt":"2015-10-01T11:27:45","slug":"el-muerto-a-madrid","status":"publish","type":"post","link":"https:\/\/blogs.laverdad.es\/primeraplana\/2015\/10\/01\/el-muerto-a-madrid\/","title":{"rendered":"El muerto, a Madrid"},"content":{"rendered":"<p>Con una h\u00e1bil finta, Pedro Antonio S\u00e1nchez desactiv\u00f3 ayer, de momento, una de las minas dejadas por el \u2018dream team\u2019 gubernativo (2003-2007) de Valc\u00e1rcel, junto a Corvera, Novo Carthago, Zerrichera, Joven Futura&#8230; Al enviar al Tribunal de Cuentas los informes jur\u00eddicos de la desaladora de Escombreras, S\u00e1nchez gana tiempo y desprende a su Ejecutivo de la losa de decidir si en el da\u00f1o a las arcas p\u00fablicas hubo responsabilidad contable de miembros de aquel equipo de gobierno. No es un tema menor. Si la hubo, el culpable responde con su patrimonio. El \u2018marr\u00f3n\u2019 que se quit\u00f3 Garre de encima en el \u00faltimo suspiro, S\u00e1nchez lo aleja ahora y puede venderlo como un ejercicio de rigor e independencia al traspasarlo al principal \u00f3rgano fiscalizador. La duda es si el Gobierno lo hace realmente porque sobre la mesa hay un nuevo informe, demoledor, de la Intervenci\u00f3n.<\/p>\n","protected":false},"excerpt":{"rendered":"<p>Con una h\u00e1bil finta, Pedro Antonio S\u00e1nchez desactiv\u00f3 ayer, de momento, una de las minas dejadas por el \u2018dream team\u2019 gubernativo (2003-2007) de Valc\u00e1rcel, junto a Corvera, Novo Carthago, Zerrichera, Joven Futura&#8230; Al enviar al Tribunal de Cuentas los informes jur\u00eddicos de la desaladora de Escombreras, S\u00e1nchez gana tiempo y desprende a su Ejecutivo de [&hellip;]<\/p>\n","protected":false},"author":11,"featured_media":0,"comment_status":"closed","ping_status":"open","sticky":false,"template":"","format":"standard","meta":[],"categories":[36],"tags":[],"_links":{"self":[{"href":"https:\/\/blogs.laverdad.es\/primeraplana\/wp-json\/wp\/v2\/posts\/784"}],"collection":[{"href":"https:\/\/blogs.laverdad.es\/primeraplana\/wp-json\/wp\/v2\/posts"}],"about":[{"href":"https:\/\/blogs.laverdad.es\/primeraplana\/wp-json\/wp\/v2\/types\/post"}],"author":[{"embeddable":true,"href":"https:\/\/blogs.laverdad.es\/primeraplana\/wp-json\/wp\/v2\/users\/11"}],"replies":[{"embeddable":true,"href":"https:\/\/blogs.laverdad.es\/primeraplana\/wp-json\/wp\/v2\/comments?post=784"}],"version-history":[{"count":0,"href":"https:\/\/blogs.laverdad.es\/primeraplana\/wp-json\/wp\/v2\/posts\/784\/revisions"}],"wp:attachment":[{"href":"https:\/\/blogs.laverdad.es\/primeraplana\/wp-json\/wp\/v2\/media?parent=784"}],"wp:term":[{"taxonomy":"category","embeddable":true,"href":"https:\/\/blogs.laverdad.es\/primeraplana\/wp-json\/wp\/v2\/categories?post=784"},{"taxonomy":"post_tag","embeddable":true,"href":"https:\/\/blogs.laverdad.es\/primeraplana\/wp-json\/wp\/v2\/tags?post=784"}],"curies":[{"name":"wp","href":"https:\/\/api.w.org\/{rel}","templated":true}]}}