{"id":834,"date":"2015-11-22T10:55:38","date_gmt":"2015-11-22T09:55:38","guid":{"rendered":"http:\/\/blogs.laverdad.es\/primeraplana\/?p=834"},"modified":"2015-11-22T10:55:38","modified_gmt":"2015-11-22T09:55:38","slug":"mal-gobierno","status":"publish","type":"post","link":"https:\/\/blogs.laverdad.es\/primeraplana\/2015\/11\/22\/mal-gobierno\/","title":{"rendered":"Mal gobierno"},"content":{"rendered":"<p>La exalcadesa Pilar Barreiro, que se ufanaba de mandar mucho en Cartagena, ten\u00eda clavada muy honda la espina de no poder controlar la UPCT, la Autoridad Portuaria o \u2018La Verdad\u2019. Como otros pol\u00edticos, Barreiro quer\u00eda prensa servil y actuaba en consecuencia, limitando el acceso a la informaci\u00f3n de inter\u00e9s para nuestros lectores, lo \u00fanico que duele a un medio de comunicaci\u00f3n independiente que se sobra y se basta con el apoyo de su audiencia y anunciantes. El bast\u00f3n de mando est\u00e1 hoy en manos del l\u00edder de Movimiento Ciudadano, Jos\u00e9 L\u00f3pez, que gobierna en coalici\u00f3n con el PSOE y quien ante las primeras informaciones de la prensa local que no han sido de su gusto reaccion\u00f3 con todo tipo de gen\u00e9ricas descalificaciones p\u00fablicas, a cual m\u00e1s peregrina. En paralelo ha creado una web institucional con informaciones sobre la acci\u00f3n de su equipo de Gobierno, en clave muy personal, y r\u00e9plicas a los partidos de la oposici\u00f3n. El alcalde est\u00e1 en su derecho de dirigirse directamente a los cartageneros, pero confunde informaci\u00f3n con propaganda y eso no le exime de la rendici\u00f3n de cuentas ante quienes, con sus preguntas, dan respuesta al derecho a la informaci\u00f3n de los ciudadanos. Escocido por las cr\u00edticas a su pol\u00edtica informativa, el pasado viernes se neg\u00f3 tambi\u00e9n a responder a los periodistas sobre los asuntos de actualidad del municipio y les remiti\u00f3 al plasma de la web gubernamental. No es el mejor ejemplo de buen gobierno. Los medios de comunicaci\u00f3n ejercen una funci\u00f3n social relevante en las democracias y tienen el deber constitucional de difundir informaci\u00f3n veraz sin violar el derecho al honor, la imagen y la intimidad de las personas. Aquellos que ejercen con rigor y profesionalidad su cometido deben someterse tambi\u00e9n al escrutinio, a la cr\u00edtica razonada y a la rectificaci\u00f3n de sus errores de \u2018motu proprio\u2019 o por los cauces que marca la ley, pero en ning\u00fan caso pueden ceder en sus obligaciones por muy intensas y reiteradas que sean las descalificaciones, las presiones o los intentos de mordaza.<\/p>\n","protected":false},"excerpt":{"rendered":"<p>La exalcadesa Pilar Barreiro, que se ufanaba de mandar mucho en Cartagena, ten\u00eda clavada muy honda la espina de no poder controlar la UPCT, la Autoridad Portuaria o \u2018La Verdad\u2019. Como otros pol\u00edticos, Barreiro quer\u00eda prensa servil y actuaba en consecuencia, limitando el acceso a la informaci\u00f3n de inter\u00e9s para nuestros lectores, lo \u00fanico que [&hellip;]<\/p>\n","protected":false},"author":11,"featured_media":0,"comment_status":"closed","ping_status":"open","sticky":false,"template":"","format":"standard","meta":[],"categories":[36],"tags":[],"_links":{"self":[{"href":"https:\/\/blogs.laverdad.es\/primeraplana\/wp-json\/wp\/v2\/posts\/834"}],"collection":[{"href":"https:\/\/blogs.laverdad.es\/primeraplana\/wp-json\/wp\/v2\/posts"}],"about":[{"href":"https:\/\/blogs.laverdad.es\/primeraplana\/wp-json\/wp\/v2\/types\/post"}],"author":[{"embeddable":true,"href":"https:\/\/blogs.laverdad.es\/primeraplana\/wp-json\/wp\/v2\/users\/11"}],"replies":[{"embeddable":true,"href":"https:\/\/blogs.laverdad.es\/primeraplana\/wp-json\/wp\/v2\/comments?post=834"}],"version-history":[{"count":0,"href":"https:\/\/blogs.laverdad.es\/primeraplana\/wp-json\/wp\/v2\/posts\/834\/revisions"}],"wp:attachment":[{"href":"https:\/\/blogs.laverdad.es\/primeraplana\/wp-json\/wp\/v2\/media?parent=834"}],"wp:term":[{"taxonomy":"category","embeddable":true,"href":"https:\/\/blogs.laverdad.es\/primeraplana\/wp-json\/wp\/v2\/categories?post=834"},{"taxonomy":"post_tag","embeddable":true,"href":"https:\/\/blogs.laverdad.es\/primeraplana\/wp-json\/wp\/v2\/tags?post=834"}],"curies":[{"name":"wp","href":"https:\/\/api.w.org\/{rel}","templated":true}]}}